{"id":962,"date":"2022-05-05T08:07:58","date_gmt":"2022-05-05T08:07:58","guid":{"rendered":"https:\/\/www.frenchtechberlin.com\/scale-up-europe-un-leadership-responsable-pour-creer-des-champions-europeens-de-la-technologie\/"},"modified":"2023-09-16T08:42:37","modified_gmt":"2023-09-16T08:42:37","slug":"scale-up-europe-un-leadership-responsable-pour-creer-des-champions-europeens-de-la-technologie","status":"publish","type":"post","link":"https:\/\/www.frenchtechberlin.com\/fr\/events\/scale-up-europe-un-leadership-responsable-pour-creer-des-champions-europeens-de-la-technologie\/","title":{"rendered":"Scale Up Europe : un leadership responsable pour cr\u00e9er des champions europ\u00e9ens de la technologie"},"content":{"rendered":"<p>Lun, 13 D\u00e9c, 2021, 18:00 &#8211; 19:30<\/p>\n<p>221 participants en ligne + 50 participants \u00e0 l&#8217;Ambassade de France \u00e0 Berlin<\/p>\n<p>Tables rondes sur Scale Up Europe<\/p>\n<p>Un leadership responsable pour cr\u00e9er des champions europ\u00e9ens de la technologie<\/p>\n<p>18:00 Ouverture :<\/p>\n<ul>\n<li>S.E. Anne-Marie DESC\u00d4TES, Ambassadeur de France en Allemagne<\/li>\n<li>Prof. Gunnar GRAEF, fondateur de Deutsche Ventures et ambassadeur de la French Tech<\/li>\n<\/ul>\n<p>18:10 Discours d&#8217;ouverture :<\/p>\n<ul>\n<li>M. Philippe HUBERDEAU, Secr\u00e9taire g\u00e9n\u00e9ral de Scale Up Europe, Pr\u00e9sidence de la R\u00e9publique fran\u00e7aise<\/li>\n<\/ul>\n<p>18:25 Panel 1 : Financement des g\u00e9ants europ\u00e9ens de la technologie<\/p>\n<ul>\n<li>M. Emmanuel THOMASSIN, directeur financier du groupe Delivery Hero et ambassadeur de la French Tech<\/li>\n<li>Mme Alice ALBIZZATI, associ\u00e9e fondatrice de Revaia<\/li>\n<li>M. Christian MIELE, partenaire de Headline et directeur de l&#8217;association allemande des startups<\/li>\n<li>Mme Marie-Avril ROUX STEINKUEHLER, Fondatrice Mars IP (mod\u00e9ratrice)<\/li>\n<\/ul>\n<p>18:50 Panel 2 : Les talents en Europe<\/p>\n<ul>\n<li>Uli SCHMITZ, PDG d&#8217;Axel Springer Digital Ventures et ambassadeur de la French Tech<\/li>\n<li>M. Julian TEICKE, PDG et cofondateur de Wefox<\/li>\n<li>Prof. V\u00e9ronique TRAN, Rectrice et Doyenne de l&#8217;ESCP Berlin<\/li>\n<li>Mme Marie-Avril ROUX STEINKUEHLER, (mod\u00e9ratrice)<\/li>\n<\/ul>\n","protected":false},"excerpt":{"rendered":"<p>Lun, 13 D\u00e9c, 2021, 18:00 &#8211; 19:30 221 participants en ligne + 50 participants \u00e0 l&#8217;Ambassade de France \u00e0 Berlin Tables rondes sur Scale Up Europe Un leadership responsable pour cr\u00e9er des champions europ\u00e9ens de la technologie 18:00 Ouverture : S.E. Anne-Marie DESC\u00d4TES, Ambassadeur de France en Allemagne Prof. Gunnar GRAEF, fondateur de Deutsche Ventures [&hellip;]<\/p>\n","protected":false},"author":1,"featured_media":884,"comment_status":"closed","ping_status":"closed","sticky":false,"template":"","format":"standard","meta":{"_uag_custom_page_level_css":"","site-sidebar-layout":"default","site-content-layout":"","ast-site-content-layout":"","site-content-style":"default","site-sidebar-style":"default","ast-global-header-display":"","ast-banner-title-visibility":"","ast-main-header-display":"","ast-hfb-above-header-display":"","ast-hfb-below-header-display":"","ast-hfb-mobile-header-display":"","site-post-title":"","ast-breadcrumbs-content":"","ast-featured-img":"","footer-sml-layout":"","theme-transparent-header-meta":"","adv-header-id-meta":"","stick-header-meta":"","header-above-stick-meta":"","header-main-stick-meta":"","header-below-stick-meta":"","astra-migrate-meta-layouts":"default","ast-page-background-enabled":"default","ast-page-background-meta":{"desktop":{"background-color":"var(--ast-global-color-4)","background-image":"","background-repeat":"repeat","background-position":"center center","background-size":"auto","background-attachment":"scroll","background-type":"","background-media":"","overlay-type":"","overlay-color":"","overlay-gradient":""},"tablet":{"background-color":"","background-image":"","background-repeat":"repeat","background-position":"center center","background-size":"auto","background-attachment":"scroll","background-type":"","background-media":"","overlay-type":"","overlay-color":"","overlay-gradient":""},"mobile":{"background-color":"","background-image":"","background-repeat":"repeat","background-position":"center center","background-size":"auto","background-attachment":"scroll","background-type":"","background-media":"","overlay-type":"","overlay-color":"","overlay-gradient":""}},"ast-content-background-meta":{"desktop":{"background-color":"var(--ast-global-color-5)","background-image":"","background-repeat":"repeat","background-position":"center center","background-size":"auto","background-attachment":"scroll","background-type":"","background-media":"","overlay-type":"","overlay-color":"","overlay-gradient":""},"tablet":{"background-color":"var(--ast-global-color-5)","background-image":"","background-repeat":"repeat","background-position":"center center","background-size":"auto","background-attachment":"scroll","background-type":"","background-media":"","overlay-type":"","overlay-color":"","overlay-gradient":""},"mobile":{"background-color":"var(--ast-global-color-5)","background-image":"","background-repeat":"repeat","background-position":"center center","background-size":"auto","background-attachment":"scroll","background-type":"","background-media":"","overlay-type":"","overlay-color":"","overlay-gradient":""}},"footnotes":""},"categories":[28],"tags":[],"class_list":["post-962","post","type-post","status-publish","format-standard","has-post-thumbnail","hentry","category-events"],"uagb_featured_image_src":{"full":["https:\/\/www.frenchtechberlin.com\/wp-content\/uploads\/2022\/05\/frenchtechberlin_20211213_scaleup_rectangle_3-1.png",2000,1250,false],"thumbnail":["https:\/\/www.frenchtechberlin.com\/wp-content\/uploads\/2022\/05\/frenchtechberlin_20211213_scaleup_rectangle_3-1-150x150.png",150,150,true],"medium":["https:\/\/www.frenchtechberlin.com\/wp-content\/uploads\/2022\/05\/frenchtechberlin_20211213_scaleup_rectangle_3-1-300x188.png",300,188,true],"medium_large":["https:\/\/www.frenchtechberlin.com\/wp-content\/uploads\/2022\/05\/frenchtechberlin_20211213_scaleup_rectangle_3-1-768x480.png",768,480,true],"large":["https:\/\/www.frenchtechberlin.com\/wp-content\/uploads\/2022\/05\/frenchtechberlin_20211213_scaleup_rectangle_3-1-1024x640.png",1024,640,true],"1536x1536":["https:\/\/www.frenchtechberlin.com\/wp-content\/uploads\/2022\/05\/frenchtechberlin_20211213_scaleup_rectangle_3-1-1536x960.png",1536,960,true],"2048x2048":["https:\/\/www.frenchtechberlin.com\/wp-content\/uploads\/2022\/05\/frenchtechberlin_20211213_scaleup_rectangle_3-1.png",2000,1250,false]},"uagb_author_info":{"display_name":"admin","author_link":"https:\/\/www.frenchtechberlin.com\/fr\/author\/admin\/"},"uagb_comment_info":0,"uagb_excerpt":"Lun, 13 D\u00e9c, 2021, 18:00 &#8211; 19:30 221 participants en ligne + 50 participants \u00e0 l&#8217;Ambassade de France \u00e0 Berlin Tables rondes sur Scale Up Europe Un leadership responsable pour cr\u00e9er des champions europ\u00e9ens de la technologie 18:00 Ouverture : S.E. Anne-Marie DESC\u00d4TES, Ambassadeur de France en Allemagne Prof. Gunnar GRAEF, fondateur de Deutsche Ventures\u2026","_links":{"self":[{"href":"https:\/\/www.frenchtechberlin.com\/fr\/wp-json\/wp\/v2\/posts\/962","targetHints":{"allow":["GET"]}}],"collection":[{"href":"https:\/\/www.frenchtechberlin.com\/fr\/wp-json\/wp\/v2\/posts"}],"about":[{"href":"https:\/\/www.frenchtechberlin.com\/fr\/wp-json\/wp\/v2\/types\/post"}],"author":[{"embeddable":true,"href":"https:\/\/www.frenchtechberlin.com\/fr\/wp-json\/wp\/v2\/users\/1"}],"replies":[{"embeddable":true,"href":"https:\/\/www.frenchtechberlin.com\/fr\/wp-json\/wp\/v2\/comments?post=962"}],"version-history":[{"count":1,"href":"https:\/\/www.frenchtechberlin.com\/fr\/wp-json\/wp\/v2\/posts\/962\/revisions"}],"predecessor-version":[{"id":1232,"href":"https:\/\/www.frenchtechberlin.com\/fr\/wp-json\/wp\/v2\/posts\/962\/revisions\/1232"}],"wp:featuredmedia":[{"embeddable":true,"href":"https:\/\/www.frenchtechberlin.com\/fr\/wp-json\/wp\/v2\/media\/884"}],"wp:attachment":[{"href":"https:\/\/www.frenchtechberlin.com\/fr\/wp-json\/wp\/v2\/media?parent=962"}],"wp:term":[{"taxonomy":"category","embeddable":true,"href":"https:\/\/www.frenchtechberlin.com\/fr\/wp-json\/wp\/v2\/categories?post=962"},{"taxonomy":"post_tag","embeddable":true,"href":"https:\/\/www.frenchtechberlin.com\/fr\/wp-json\/wp\/v2\/tags?post=962"}],"curies":[{"name":"wp","href":"https:\/\/api.w.org\/{rel}","templated":true}]}}