{"id":6014,"date":"2024-12-06T12:49:47","date_gmt":"2024-12-06T12:49:47","guid":{"rendered":"https:\/\/www.frenchtechberlin.com\/non-classifiee\/limpact-de-lia-sur-les-industries-creatives-un-appel-a-laction\/"},"modified":"2024-12-19T14:41:47","modified_gmt":"2024-12-19T14:41:47","slug":"limpact-de-lia-sur-les-industries-creatives-un-appel-a-laction","status":"publish","type":"post","link":"https:\/\/www.frenchtechberlin.com\/fr\/evenements\/limpact-de-lia-sur-les-industries-creatives-un-appel-a-laction\/","title":{"rendered":"L&#8217;impact de l&#8217;IA sur les industries cr\u00e9atives : Un appel \u00e0 l&#8217;action"},"content":{"rendered":"\n<div data-wp-interactive=\"core\/file\" class=\"wp-block-file\"><object data-wp-bind--hidden=\"!state.hasPdfPreview\" hidden class=\"wp-block-file__embed\" data=\"https:\/\/www.frenchtechberlin.com\/wp-content\/uploads\/2024\/12\/20241120-Berlin-Report-Round-table-Press-Fr.pdf\" type=\"application\/pdf\" style=\"width:100%;height:600px\" aria-label=\"Contenu embarqu\u00e9 20241120 Berlin Report Round table Press Fr.\"><\/object><a id=\"wp-block-file--media-e184e676-c8f4-497a-8a47-859d72ede0a1\" href=\"https:\/\/www.frenchtechberlin.com\/wp-content\/uploads\/2024\/12\/20241120-Berlin-Report-Round-table-Press-Fr.pdf\">20241120 Berlin Report Round table Press Fr<\/a><a href=\"https:\/\/www.frenchtechberlin.com\/wp-content\/uploads\/2024\/12\/20241120-Berlin-Report-Round-table-Press-Fr.pdf\" class=\"wp-block-file__button wp-element-button\" download aria-describedby=\"wp-block-file--media-e184e676-c8f4-497a-8a47-859d72ede0a1\">Download<\/a><\/div>\n\n\n\n<p><strong>L&#8217;impact de l&#8217;IA sur les industries cr\u00e9atives &#8211; groupe de travail presse &#8211; 20.11.2024 Ambassade de France, Berlin<\/strong><\/p>\n\n\n\n<p><strong>Compte rendu<\/strong><br>\u00c0 l\u2019occasion de la rencontre entre grands \u00e9diteurs de presse fran\u00e7ais et allemands, en pr\u00e9sence de chercheurs de l\u2019IA g\u00e9n\u00e9rative, de r\u00e9gulateurs allemands et fran\u00e7ais, de startups offrant des services \u00e0 la presse, ainsi que de repr\u00e9sentants des organismes de gestion collective des droits voisins de la presse en Allemagne et en France, les intervenants sont parvenus aux conclusions suivantes.<\/p>\n\n\n\n<p><strong>Constat<\/strong><br>L\u2019exploitation opportuniste des contenus journalistiques par les syst\u00e8mes d\u2019IA, entrain\u00e9s sur les contenus de presse sans autorisation ni transparence sabote les droits et l\u2019existence des \u00e9diteurs de presse et la cha\u00eene de valeur du journalisme.<\/p>\n\n\n\n<p>Le march\u00e9 est captur\u00e9 par quelques acteurs puissants, qui concentrent entre leurs mains revenus et ressources et emp\u00eache l\u2019\u00e9mergence d\u2019un march\u00e9 de licences transparent et dynamique. Les \u00e9diteurs sont emp\u00each\u00e9s de valoriser leurs contenus et leur ind\u00e9pendance en p\u00e2tit.<\/p>\n\n\n\n<p>La d\u00e9mocratie en souffre, car cette situation fait le lit de la d\u00e9sinformation et met en p\u00e9ril les d\u00e9mocraties europ\u00e9ennes.<\/p>\n\n\n\n<p><strong>IA &amp; Valeurs d\u00e9mocratiques<\/strong><br>Le d\u00e9bat met en lumi\u00e8re les efforts collectifs n\u00e9cessaires pour aborder ces d\u00e9fis, en particulier en Europe.<\/p>\n\n\n\n<ul class=\"wp-block-list\">\n<li>Humanisme et IA : L&#8217;IA est un outil \u00e0 fa\u00e7onner selon des valeurs humaines, n\u00e9cessitant une gestion prudente.<\/li>\n\n\n\n<li>Collaboration : Le travail de longue haleine des parties prenantes, incluant r\u00e9gulateurs, \u00e9diteurs et chercheurs, est salu\u00e9. Un appel g\u00e9n\u00e9ral \u00e0 son acc\u00e9l\u00e9ration et son intensification est lanc\u00e9.<\/li>\n<\/ul>\n\n\n\n<p><strong>Droits Voisins et D\u00e9fis pour la Presse<\/strong><br>La directive europ\u00e9enne de 2019 sur les droits voisins offre une protection aux \u00e9diteurs, mais son application reste un d\u00e9fi.<\/p>\n\n\n\n<ul class=\"wp-block-list\">\n<li>Probl\u00e8mes majeurs :\n<ul class=\"wp-block-list\">\n<li>R\u00e9sistance des grandes plateformes num\u00e9riques \u00e0 reconna\u00eetre ces droits.<\/li>\n\n\n\n<li>Propositions unilat\u00e9rales par certaines plateformes de r\u00e9mun\u00e9ration insuffisantes, provisoires car contractuelles, et morcel\u00e9es, car elles ne touchent pas tous les \u00e9diteurs. Appr\u00e9ciation contrast\u00e9e des licences collectives.<\/li>\n\n\n\n<li>R\u00e9p\u00e9tition de ce sc\u00e9nario avec l\u2019exploitation des contenus par les IA g\u00e9n\u00e9ratives : r\u00e9sistance des acteurs de l\u2019IA g\u00e9n\u00e9rative \u00e0 reconnaitre les droits des \u00e9diteurs, \u00e0 les n\u00e9gocier, et si oui, correctement.<\/li>\n\n\n\n<li>Manque de clart\u00e9 de la port\u00e9e des droits voisins de la presse, l\u2019entrainement de l\u2019IA doit-elle en faire partie ? Certains le demandent.<\/li>\n<\/ul>\n<\/li>\n\n\n\n<li>Exemples fran\u00e7ais : L&#8217;Autorit\u00e9 de la concurrence a impos\u00e9 des sanctions significatives pour non-respect des droits voisins. Les \u00e9diteurs appellent de leurs v\u0153ux un droit europ\u00e9en de concurrence commun et une application de ce droit harmonis\u00e9e.<\/li>\n<\/ul>\n\n\n\n<p><strong>Transparence et R\u00e9gulation<\/strong><br>La transparence en amont comme en aval des r\u00e9sultats g\u00e9n\u00e9r\u00e9s par l\u2019IA est essentielle pour garantir que l&#8217;IA respecte les cadres l\u00e9gaux et \u00e9thiques.<\/p>\n\n\n\n<ul class=\"wp-block-list\">\n<li>Probl\u00e8mes de transparence :\n<ul class=\"wp-block-list\">\n<li>Les sources d&#8217;entra\u00eenement des IA sont rarement divulgu\u00e9es de mani\u00e8re compl\u00e8te.<\/li>\n\n\n\n<li>Les utilisateurs finaux ne savent pas toujours si un contenu est g\u00e9n\u00e9r\u00e9 par IA, ni ne connaissent la teneur des biais algorithmiques utilis\u00e9s.<\/li>\n<\/ul>\n<\/li>\n\n\n\n<li>Actions entreprises :\n<ul class=\"wp-block-list\">\n<li>D\u00e9veloppement de mod\u00e8les de transparence pour informer sur l\u2019utilisation des donn\u00e9es.<\/li>\n<\/ul>\n<\/li>\n\n\n\n<li>Propositions :\n<ul class=\"wp-block-list\">\n<li>Responsabilisation des AI g\u00e9n\u00e9ratives, voire par l\u2019attribution du statut juridique d&#8217;\u00e9diteur de presse et des responsabilit\u00e9s qui en d\u00e9coulent.<\/li>\n<\/ul>\n<\/li>\n<\/ul>\n\n\n\n<p><strong>D\u00e9fense des Contenus Journalistiques<\/strong><br>La presse, essentielle \u00e0 la d\u00e9mocratie, est particuli\u00e8rement vuln\u00e9rable face aux nouvelles dynamiques de l&#8217;IA, dont les bots et autres scraping permettent la captation des contenus des sites des \u00e9diteurs de presse.<\/p>\n\n\n\n<ul class=\"wp-block-list\">\n<li>Risques identifi\u00e9s :\n<ul class=\"wp-block-list\">\n<li>Utilisation non autoris\u00e9e de contenus journalistiques pour l&#8217;entra\u00eenement de mod\u00e8les IA.<\/li>\n\n\n\n<li>Substitution de la presse par des moteurs de recherche bas\u00e9s sur des IA.<\/li>\n\n\n\n<li>Impossibilit\u00e9 pratique de retracer les sources utilis\u00e9es, et donc perte de la ma\u00eetrise par la presse de ses contenus dilu\u00e9s dans les r\u00e9sultats g\u00e9n\u00e9r\u00e9s.<\/li>\n\n\n\n<li>L\u2019opt out a \u00e9t\u00e9 pens\u00e9 pour d\u2019autres usages, il est inefficace car contourn\u00e9, difficile \u00e0 mettre en oeuvre et conduit \u00e0 un retournement de la charge de la preuve.<\/li>\n<\/ul>\n<\/li>\n\n\n\n<li>Solutions avanc\u00e9es :\n<ul class=\"wp-block-list\">\n<li>Mobilisation collective et alliances pour d\u00e9fendre les droits des cr\u00e9ateurs.<\/li>\n\n\n\n<li>Exclusion de l\u2019opt-out pr\u00e9vue par la directive droit d\u2019auteur aux \u00e9diteurs de presse, qui doivent pouvoir seuls d\u00e9cider si les utilisateurs de l&#8217;intelligence artificielle peuvent ou non exploiter leurs contenus et comment ils doivent \u00eatre r\u00e9mun\u00e9r\u00e9s<\/li>\n<\/ul>\n<\/li>\n<\/ul>\n\n\n\n<p><strong>Enjeux \u00c9conomiques<\/strong><br>L\u2019utilisation de contenus culturels pour l\u2019entra\u00eenement des IA soul\u00e8ve des questions \u00e9conomiques graves.<\/p>\n\n\n\n<ul class=\"wp-block-list\">\n<li>Redistribution in\u00e9quitable : Les grandes plateformes tirent profit de contenus sans compensation suffisante pour leurs cr\u00e9ateurs.<\/li>\n\n\n\n<li>Propositions :\n<ul class=\"wp-block-list\">\n<li>Introduction d&#8217;un march\u00e9 europ\u00e9en de licence des donn\u00e9es.<\/li>\n\n\n\n<li>D\u00e9veloppement de mod\u00e8les de r\u00e9mun\u00e9ration adapt\u00e9s aux r\u00e9alit\u00e9s technologiques.<\/li>\n\n\n\n<li>Harmonisation et adaptation du droit de la concurrence national et europ\u00e9en, car malgr\u00e9 l\u2019agilit\u00e9 et la capacit\u00e9 d\u2019innovation de la presse aujourd\u2019hui, le combat est in\u00e9gal et para\u00eet ne pouvoir \u00eatre gagn\u00e9.<\/li>\n<\/ul>\n<\/li>\n<\/ul>\n\n\n\n<p><strong>Un Mod\u00e8le Europ\u00e9en pour l\u2019IA<\/strong><br>L\u2019Europe est en position unique pour d\u00e9velopper un mod\u00e8le qui refl\u00e8te ses valeurs culturelles et \u00e9conomiques. Sa presse encore pluraliste est de grande qualit\u00e9, et en mesure de combattre la d\u00e9sinformation. Les \u00e9diteurs sont rou\u00e9s \u00e0 l\u2019\u00e9cosyst\u00e8me num\u00e9rique et vont continuer \u00e0 investir dans l\u2019innovation, sp\u00e9cialement avec l\u2019IA. La recherche est riche et capable de d\u00e9velopper des mod\u00e8les europ\u00e9ens.<\/p>\n\n\n\n<ul class=\"wp-block-list\">\n<li>Diff\u00e9rentiation :\n<ul class=\"wp-block-list\">\n<li>Cr\u00e9ation d\u2019un mod\u00e8le distinct des approches am\u00e9ricaine (march\u00e9) et chinoise (\u00e9tat).<\/li>\n\n\n\n<li>Valoriser les talents europ\u00e9ens dans le domaine de l\u2019IA pour construire une infrastructure ind\u00e9pendante, assurant authentification des contenus, identification et tra\u00e7abilit\u00e9, et appuy\u00e9e sur un cadre r\u00e9gulatoire renforc\u00e9 pour garantir transparence et ouverture du march\u00e9.<\/li>\n<\/ul>\n<\/li>\n\n\n\n<li>Avantages comp\u00e9titifs : Atouts culturels, \u00e9ducatifs et technologiques pour b\u00e2tir un \u00e9cosyst\u00e8me IA unique.<\/li>\n<\/ul>\n\n\n\n<p><strong>Collaboration Franco-Allemande<\/strong><br>Une coop\u00e9ration \u00e9troite entre la France et l&#8217;Allemagne est cruciale pour conduire l\u2019Europe vers un \u00e9cosyst\u00e8me IA fort.<\/p>\n\n\n\n<ul class=\"wp-block-list\">\n<li>Points cl\u00e9s :\n<ul class=\"wp-block-list\">\n<li>Partage d&#8217;expertises pour d\u00e9fendre les int\u00e9r\u00eats europ\u00e9ens face aux g\u00e9ants technologiques.<\/li>\n\n\n\n<li>Harmonisation des cadres r\u00e9glementaires.<\/li>\n<\/ul>\n<\/li>\n<\/ul>\n\n\n\n<p><strong>La cr\u00e9ation d\u2019un Observatoire Europ\u00e9en ?<\/strong><br>Le groupe de travail propose la cr\u00e9ation d\u2019un observatoire europ\u00e9en pour \u00e9valuer la valeur de la presse, les pratiques et impacts \u00e9conomiques de l\u2019IA, en vue de rapprocher les pratiques au sein des Etats membres.<\/p>\n\n\n\n<ul class=\"wp-block-list\">\n<li>Objectifs :\n<ul class=\"wp-block-list\">\n<li>Collecter des donn\u00e9es fiables sur les interactions entre IA et \u00e9conomie culturelle.<\/li>\n\n\n\n<li>Informer les acteurs et politiques publiques gr\u00e2ce \u00e0 des analyses \u00e9conomiques d\u00e9taill\u00e9es.<\/li>\n<\/ul>\n<\/li>\n<\/ul>\n\n\n\n<p><strong>Perspectives et Conclusions<\/strong><\/p>\n\n\n\n<ul class=\"wp-block-list\">\n<li>Urgence d\u2019une r\u00e9gulation forte, nous n\u2019avons plus le temps :\n<ul class=\"wp-block-list\">\n<li>La r\u00e9gulation doit \u00eatre rapide, ferme, claire et europ\u00e9enne pour pr\u00e9venir les d\u00e9s\u00e9quilibres \u00e9conomiques et la destruction des fondements de l\u2019information. Une presse ind\u00e9pendance et forte est indispensable pour pr\u00e9server les d\u00e9mocraties europ\u00e9ennes.<\/li>\n\n\n\n<li>Une mise en \u0153uvre rapide et concr\u00e8te de l\u2019AI Act est cruciale. Le r\u00e8glement doit \u00eatre traduit par des principes clairs, en particulier :\n<ul class=\"wp-block-list\">\n<li>le respect du droit d\u2019auteur par les mod\u00e8les de fondations (GPAI), les \u00e9diteurs de presse devant seuls d\u00e9cider de l\u2019usage de leurs contenus.<\/li>\n\n\n\n<li>des obligations de transparence des donn\u00e9es d\u2019entrainement.<\/li>\n\n\n\n<li>des m\u00e9canismes de r\u00e9mun\u00e9ration appliqu\u00e9s rapidement et uniform\u00e9ment.<\/li>\n<\/ul>\n<\/li>\n<\/ul>\n<\/li>\n\n\n\n<li>Appel \u00e0 la coop\u00e9ration :\n<ul class=\"wp-block-list\">\n<li>Encourager les \u00c9tats membres de l\u2019UE \u00e0 harmoniser leurs approches.<\/li>\n\n\n\n<li>Insister sur une transparence accrue des donn\u00e9es exploit\u00e9es et sur l\u2019\u00e9quit\u00e9 dans la redistribution des revenus g\u00e9n\u00e9r\u00e9s par l\u2019IA.<\/li>\n\n\n\n<li>Mettre en commun des ressources : Partager les informations, outils technologiques et juridiques pour d\u00e9tecter l&#8217;utilisation abusive de contenus, agir efficacement et cr\u00e9er un march\u00e9.<\/li>\n\n\n\n<li>Favoriser l&#8217;innovation partag\u00e9e : Soutenir les mod\u00e8les europ\u00e9ens de collaboration pour d\u00e9velopper des outils technologiques qui respectent les droits et les valeurs d\u00e9mocratiques.<\/li>\n\n\n\n<li>Cr\u00e9er une alliance franco-allemande qui fonde solidement une r\u00e9ponse europ\u00e9enne aux challenges \u00e9conomiques et technologiques globaux.<\/li>\n<\/ul>\n<\/li>\n<\/ul>\n\n\n\n<p><strong>L&#8217;Europe a une chance unique de d\u00e9velopper un cadre r\u00e9glementaire ambitieux qui prot\u00e8ge ses valeurs et talents tout en favorisant l&#8217;innovation.<\/strong><\/p>\n\n\n\n<p>\u00a0R\u00e9daction : Marie-Avril Roux Steinkuehler LLM. &#8211; Presidente French Tech Berlin, Founding Partner Mars-IP : mars@mars-ip.eu<\/p>\n\n\n\n<div class=\"wp-block-uagb-image uagb-block-9ad2f768 wp-block-uagb-image--layout-default wp-block-uagb-image--effect-static wp-block-uagb-image--align-none\"><figure class=\"wp-block-uagb-image__figure\"><img decoding=\"async\" srcset=\"https:\/\/www.frenchtechberlin.com\/wp-content\/uploads\/2024\/12\/AI-impact-on-creative-industries-1024x576.png ,https:\/\/www.frenchtechberlin.com\/wp-content\/uploads\/2024\/12\/AI-impact-on-creative-industries.png 780w, https:\/\/www.frenchtechberlin.com\/wp-content\/uploads\/2024\/12\/AI-impact-on-creative-industries.png 360w\" sizes=\"auto, (max-width: 480px) 150px\" src=\"https:\/\/www.frenchtechberlin.com\/wp-content\/uploads\/2024\/12\/AI-impact-on-creative-industries-1024x576.png\" alt=\"\" class=\"uag-image-5996\" width=\"1024\" height=\"576\" title=\"L'impact de l'IA sur les industries cr\u00e9atives\" loading=\"lazy\" role=\"img\"><\/figure><\/div>\n\n\n\n<figure class=\"wp-block-image size-large\"><img loading=\"lazy\" decoding=\"async\" width=\"1024\" height=\"642\" src=\"https:\/\/www.frenchtechberlin.com\/wp-content\/uploads\/2024\/12\/image-4-1024x642.jpeg\" alt=\"\" class=\"wp-image-6003\" srcset=\"https:\/\/www.frenchtechberlin.com\/wp-content\/uploads\/2024\/12\/image-4-1024x642.jpeg 1024w, https:\/\/www.frenchtechberlin.com\/wp-content\/uploads\/2024\/12\/image-4-300x188.jpeg 300w, https:\/\/www.frenchtechberlin.com\/wp-content\/uploads\/2024\/12\/image-4-768x482.jpeg 768w, https:\/\/www.frenchtechberlin.com\/wp-content\/uploads\/2024\/12\/image-4-1536x963.jpeg 1536w, https:\/\/www.frenchtechberlin.com\/wp-content\/uploads\/2024\/12\/image-4.jpeg 2048w\" sizes=\"auto, (max-width: 1024px) 100vw, 1024px\" \/><\/figure>\n\n\n\n<figure class=\"wp-block-image size-large\"><img loading=\"lazy\" decoding=\"async\" width=\"1024\" height=\"682\" src=\"https:\/\/www.frenchtechberlin.com\/wp-content\/uploads\/2024\/12\/image-5-1024x682.jpeg\" alt=\"\" class=\"wp-image-6001\" srcset=\"https:\/\/www.frenchtechberlin.com\/wp-content\/uploads\/2024\/12\/image-5-1024x682.jpeg 1024w, https:\/\/www.frenchtechberlin.com\/wp-content\/uploads\/2024\/12\/image-5-300x200.jpeg 300w, https:\/\/www.frenchtechberlin.com\/wp-content\/uploads\/2024\/12\/image-5-768x512.jpeg 768w, https:\/\/www.frenchtechberlin.com\/wp-content\/uploads\/2024\/12\/image-5-1536x1024.jpeg 1536w, https:\/\/www.frenchtechberlin.com\/wp-content\/uploads\/2024\/12\/image-5.jpeg 2000w\" sizes=\"auto, (max-width: 1024px) 100vw, 1024px\" \/><\/figure>\n\n\n\n<figure class=\"wp-block-image size-large\"><img loading=\"lazy\" decoding=\"async\" width=\"1024\" height=\"682\" src=\"https:\/\/www.frenchtechberlin.com\/wp-content\/uploads\/2024\/12\/image-3-1024x682.jpeg\" alt=\"\" class=\"wp-image-6000\" srcset=\"https:\/\/www.frenchtechberlin.com\/wp-content\/uploads\/2024\/12\/image-3-1024x682.jpeg 1024w, https:\/\/www.frenchtechberlin.com\/wp-content\/uploads\/2024\/12\/image-3-300x200.jpeg 300w, https:\/\/www.frenchtechberlin.com\/wp-content\/uploads\/2024\/12\/image-3-768x512.jpeg 768w, https:\/\/www.frenchtechberlin.com\/wp-content\/uploads\/2024\/12\/image-3-1536x1024.jpeg 1536w, https:\/\/www.frenchtechberlin.com\/wp-content\/uploads\/2024\/12\/image-3.jpeg 2000w\" sizes=\"auto, (max-width: 1024px) 100vw, 1024px\" \/><\/figure>\n","protected":false},"excerpt":{"rendered":"<p>L&#8217;impact de l&#8217;IA sur les industries cr\u00e9atives &#8211; groupe de travail presse &#8211; 20.11.2024 Ambassade de France, Berlin Compte rendu\u00c0 l\u2019occasion de la rencontre entre grands \u00e9diteurs de presse fran\u00e7ais et allemands, en pr\u00e9sence de chercheurs de l\u2019IA g\u00e9n\u00e9rative, de r\u00e9gulateurs allemands et fran\u00e7ais, de startups offrant des services \u00e0 la presse, ainsi que de [&hellip;]<\/p>\n","protected":false},"author":1,"featured_media":0,"comment_status":"closed","ping_status":"closed","sticky":false,"template":"","format":"standard","meta":{"_uag_custom_page_level_css":"","site-sidebar-layout":"default","site-content-layout":"","ast-site-content-layout":"","site-content-style":"default","site-sidebar-style":"default","ast-global-header-display":"","ast-banner-title-visibility":"","ast-main-header-display":"","ast-hfb-above-header-display":"","ast-hfb-below-header-display":"","ast-hfb-mobile-header-display":"","site-post-title":"","ast-breadcrumbs-content":"","ast-featured-img":"","footer-sml-layout":"","theme-transparent-header-meta":"","adv-header-id-meta":"","stick-header-meta":"","header-above-stick-meta":"","header-main-stick-meta":"","header-below-stick-meta":"","astra-migrate-meta-layouts":"default","ast-page-background-enabled":"default","ast-page-background-meta":{"desktop":{"background-color":"var(--ast-global-color-4)","background-image":"","background-repeat":"repeat","background-position":"center center","background-size":"auto","background-attachment":"scroll","background-type":"","background-media":"","overlay-type":"","overlay-color":"","overlay-gradient":""},"tablet":{"background-color":"","background-image":"","background-repeat":"repeat","background-position":"center center","background-size":"auto","background-attachment":"scroll","background-type":"","background-media":"","overlay-type":"","overlay-color":"","overlay-gradient":""},"mobile":{"background-color":"","background-image":"","background-repeat":"repeat","background-position":"center center","background-size":"auto","background-attachment":"scroll","background-type":"","background-media":"","overlay-type":"","overlay-color":"","overlay-gradient":""}},"ast-content-background-meta":{"desktop":{"background-color":"var(--ast-global-color-5)","background-image":"","background-repeat":"repeat","background-position":"center center","background-size":"auto","background-attachment":"scroll","background-type":"","background-media":"","overlay-type":"","overlay-color":"","overlay-gradient":""},"tablet":{"background-color":"var(--ast-global-color-5)","background-image":"","background-repeat":"repeat","background-position":"center center","background-size":"auto","background-attachment":"scroll","background-type":"","background-media":"","overlay-type":"","overlay-color":"","overlay-gradient":""},"mobile":{"background-color":"var(--ast-global-color-5)","background-image":"","background-repeat":"repeat","background-position":"center center","background-size":"auto","background-attachment":"scroll","background-type":"","background-media":"","overlay-type":"","overlay-color":"","overlay-gradient":""}},"footnotes":""},"categories":[39],"tags":[],"class_list":["post-6014","post","type-post","status-publish","format-standard","hentry","category-evenements"],"uagb_featured_image_src":{"full":false,"thumbnail":false,"medium":false,"medium_large":false,"large":false,"1536x1536":false,"2048x2048":false},"uagb_author_info":{"display_name":"admin","author_link":"https:\/\/www.frenchtechberlin.com\/fr\/author\/admin\/"},"uagb_comment_info":0,"uagb_excerpt":"L&#8217;impact de l&#8217;IA sur les industries cr\u00e9atives &#8211; groupe de travail presse &#8211; 20.11.2024 Ambassade de France, Berlin Compte rendu\u00c0 l\u2019occasion de la rencontre entre grands \u00e9diteurs de presse fran\u00e7ais et allemands, en pr\u00e9sence de chercheurs de l\u2019IA g\u00e9n\u00e9rative, de r\u00e9gulateurs allemands et fran\u00e7ais, de startups offrant des services \u00e0 la presse, ainsi que de\u2026","_links":{"self":[{"href":"https:\/\/www.frenchtechberlin.com\/fr\/wp-json\/wp\/v2\/posts\/6014","targetHints":{"allow":["GET"]}}],"collection":[{"href":"https:\/\/www.frenchtechberlin.com\/fr\/wp-json\/wp\/v2\/posts"}],"about":[{"href":"https:\/\/www.frenchtechberlin.com\/fr\/wp-json\/wp\/v2\/types\/post"}],"author":[{"embeddable":true,"href":"https:\/\/www.frenchtechberlin.com\/fr\/wp-json\/wp\/v2\/users\/1"}],"replies":[{"embeddable":true,"href":"https:\/\/www.frenchtechberlin.com\/fr\/wp-json\/wp\/v2\/comments?post=6014"}],"version-history":[{"count":2,"href":"https:\/\/www.frenchtechberlin.com\/fr\/wp-json\/wp\/v2\/posts\/6014\/revisions"}],"predecessor-version":[{"id":6076,"href":"https:\/\/www.frenchtechberlin.com\/fr\/wp-json\/wp\/v2\/posts\/6014\/revisions\/6076"}],"wp:attachment":[{"href":"https:\/\/www.frenchtechberlin.com\/fr\/wp-json\/wp\/v2\/media?parent=6014"}],"wp:term":[{"taxonomy":"category","embeddable":true,"href":"https:\/\/www.frenchtechberlin.com\/fr\/wp-json\/wp\/v2\/categories?post=6014"},{"taxonomy":"post_tag","embeddable":true,"href":"https:\/\/www.frenchtechberlin.com\/fr\/wp-json\/wp\/v2\/tags?post=6014"}],"curies":[{"name":"wp","href":"https:\/\/api.w.org\/{rel}","templated":true}]}}