{"id":5622,"date":"2024-10-31T09:00:26","date_gmt":"2024-10-31T09:00:26","guid":{"rendered":"https:\/\/www.frenchtechberlin.com\/non-classifiee\/journee-daffaires-franco-allemande\/"},"modified":"2024-10-10T13:22:09","modified_gmt":"2024-10-10T13:22:09","slug":"journee-franco-allemande-de-l-economie","status":"publish","type":"post","link":"https:\/\/www.frenchtechberlin.com\/fr\/evenements\/journee-franco-allemande-de-l-economie\/","title":{"rendered":"10e Journ\u00e9e Franco-Allemande de l&#8217;Economie"},"content":{"rendered":"\n<p>En partenariat avec French Tech Berlin<\/p>\n\n<p>Innovation et comp\u00e9titivit\u00e9 pour une \u00e9conomie europ\u00e9enne forte<\/p>\n\n<p><strong>Lieu<\/strong>: Haus der Deutschen Wirtschaft, Berlin<\/p>\n\n<p><strong>Date d&#8217;entr\u00e9e en vigueur : <\/strong>4 novembre 2024<\/p>\n\n<p><strong>Programme<\/strong> <em>(Sous r\u00e9serve de modifications)<\/em><\/p>\n\n<p><strong>12:00<\/strong>: R\u00e9ception debout et r\u00e9seautage<\/p>\n\n<p><strong>13:00<\/strong>: Discours de bienvenue<\/p>\n\n<ul class=\"wp-block-list\">\n<li>Guy Maugis, pr\u00e9sident de la Chambre franco-allemande de commerce et d&#8217;industrie (AHK France)<\/li>\n\n\n\n<li>Peter Adrian, pr\u00e9sident de l&#8217;association des chambres de commerce et d&#8217;industrie allemandes (DIHK)<\/li>\n\n\n\n<li>Siegfried Russwurm, pr\u00e9sident de la F\u00e9d\u00e9ration des industries allemandes (BDI)<\/li>\n<\/ul>\n\n<p><strong>13:15<\/strong>: Allocutions des ministres<\/p>\n\n<ul class=\"wp-block-list\">\n<li>Robert Habeck, ministre f\u00e9d\u00e9ral de l&#8217;\u00e9conomie et de l&#8217;action climatique<\/li>\n\n\n\n<li>Marc Ferracci, ministre fran\u00e7ais d\u00e9l\u00e9gu\u00e9 \u00e0 l&#8217;industrie (invit\u00e9)<\/li>\n<\/ul>\n\n<p><strong>Pr\u00e9sentation<\/strong> et <strong>discussion<\/strong> sur une coop\u00e9ration bilat\u00e9rale r\u00e9ussie en <strong>mati\u00e8re de recherche*<\/strong>: Pr\u00e9sentation et discussion sur une coop\u00e9ration bilat\u00e9rale r\u00e9ussie dans le domaine de la recherche*<\/p>\n\n<ul class=\"wp-block-list\">\n<li>Holger Hanselka, pr\u00e9sident de la soci\u00e9t\u00e9 Fraunhofer<\/li>\n\n\n\n<li>Fran\u00e7ois Jacq, directeur g\u00e9n\u00e9ral du Commissariat \u00e0 l&#8217;\u00e9nergie atomique et aux \u00e9nergies alternatives (CEA)<\/li>\n<\/ul>\n\n<p><strong>14:00<\/strong>: Vue d&#8217;ensemble de l&#8217;\u00e9conomie<\/p>\n\n<ul class=\"wp-block-list\">\n<li>Petra Justenhoven, PwC, porte-parole du conseil d&#8217;administration de PwC Allemagne, pr\u00e9sidente du conseil d&#8217;administration de PwC Europe<\/li>\n<\/ul>\n\n<p><strong>14:10<\/strong>: Pleins feux sur la g\u00e9opolitique &#8211; Aper\u00e7u des relations \u00e9trang\u00e8res et de leur impact sur la situation \u00e9conomique<\/p>\n\n<ul class=\"wp-block-list\">\n<li>Laurence Boone, ancienne ministre fran\u00e7aise d\u00e9l\u00e9gu\u00e9e aux affaires europ\u00e9ennes (invit\u00e9e)<\/li>\n\n\n\n<li>Claudia Major, chef du groupe de recherche sur la politique de s\u00e9curit\u00e9 &#8211; Institut allemand pour les affaires internationales et de s\u00e9curit\u00e9 (SWP)<\/li>\n\n\n\n<li>Susanne Wiegand, PDG de RENK Group AG<\/li>\n<\/ul>\n\n<p><strong>15:00 HEURES<\/strong>: Pause et mise en r\u00e9seau<\/p>\n\n<p><strong>15:30<\/strong>: Discussion informelle sur la transition \u00e9nerg\u00e9tique<\/p>\n\n<p><strong>16:00<\/strong>: Pleins feux sur l&#8217;\u00e9conomie et l&#8217;innovation &#8211; Quelle est la comp\u00e9titivit\u00e9 de l&#8217;Europe sur la sc\u00e8ne internationale ?<\/p>\n\n<ul class=\"wp-block-list\">\n<li>Irene Bertschek, directrice du d\u00e9partement de recherche sur l&#8217;\u00e9conomie num\u00e9rique au ZEW de Mannheim, vice-pr\u00e9sidente de la commission d&#8217;experts pour la recherche et l&#8217;innovation.<\/li>\n\n\n\n<li>Gilles Le Van, Pr\u00e9sident du Conseil de Surveillance, Air Liquide<\/li>\n\n\n\n<li>Ren\u00e9 Obermann, pr\u00e9sident du conseil de surveillance, Airbus SE<\/li>\n<\/ul>\n\n<p><strong>17:00<\/strong>: Pleins feux sur l&#8217;innovation et la technologie &#8211; De nouvelles technologies pour renforcer la comp\u00e9titivit\u00e9 de l&#8217;Europe<\/p>\n\n<ul class=\"wp-block-list\">\n<li>Discours sur l&#8217;importance de la technologie : Gerhard Cromme, ancien pr\u00e9sident du conseil de surveillance et chef d&#8217;entreprise<\/li>\n\n\n\n<li>Jonas Andrulis, PDG et fondateur d&#8217;Aleph Alpha<\/li>\n\n\n\n<li>Nicole B\u00fcttner, PDG et fondatrice de Merantix Momentum<\/li>\n\n\n\n<li>Holger Hanselka, pr\u00e9sident de la soci\u00e9t\u00e9 Fraunhofer<\/li>\n\n\n\n<li>H\u00e9l\u00e8ne Huby, PDG et cofondatrice de The Exploration Company<\/li>\n\n\n\n<li>Fran\u00e7ois Jacq, directeur g\u00e9n\u00e9ral du Commissariat \u00e0 l&#8217;\u00e9nergie atomique et aux \u00e9nergies alternatives (CEA)<\/li>\n\n\n\n<li>Florence Moreau, CTO et fondatrice, Incepto Medical<\/li>\n<\/ul>\n\n<p><strong>18:00 HEURES<\/strong>: Remarques finales : Edouard Philippe, ancien Premier ministre fran\u00e7ais<\/p>\n\n<p>Fin estim\u00e9e vers 18h20 &#8211; Mod\u00e9r\u00e9 par Isabelle K\u00f6rner, journaliste \u00e9conomique et pr\u00e9sentatrice de l&#8217;actualit\u00e9 \u00e0 ntv<\/p>\n\n<hr class=\"wp-block-separator has-alpha-channel-opacity\"\/>\n\n<p><em>L&#8217;accord de coop\u00e9ration sign\u00e9 le 27 mai 2024 entre le CEA et la soci\u00e9t\u00e9 Fraunhofer vise \u00e0 intensifier la collaboration dans les domaines de la micro\u00e9lectronique et de la technologie quantique, notamment dans le cadre de l&#8217;EU Chips Act, et \u00e0 renforcer les activit\u00e9s de recherche communes dans le domaine de l'&#8221;int\u00e9gration des syst\u00e8mes h\u00e9t\u00e9rog\u00e8nes&#8221; afin d&#8217;am\u00e9liorer la comp\u00e9titivit\u00e9 de l&#8217;Europe dans ces technologies cl\u00e9s.<\/em><\/p>\n\n<p>Plus d&#8217;informations <a href=\"https:\/\/www.journeedeleconomie.fr\/\">: https:\/\/www.journeedeleconomie.fr\/<\/a><\/p>\n","protected":false},"excerpt":{"rendered":"<p>En partenariat avec French Tech Berlin Innovation et comp\u00e9titivit\u00e9 pour une \u00e9conomie europ\u00e9enne forte Lieu: Haus der Deutschen Wirtschaft, Berlin Date d&#8217;entr\u00e9e en vigueur : 4 novembre 2024 Programme (Sous r\u00e9serve de modifications) 12:00: R\u00e9ception debout et r\u00e9seautage 13:00: Discours de bienvenue 13:15: Allocutions des ministres Pr\u00e9sentation et discussion sur une coop\u00e9ration bilat\u00e9rale r\u00e9ussie en [&hellip;]<\/p>\n","protected":false},"author":1,"featured_media":5636,"comment_status":"closed","ping_status":"open","sticky":false,"template":"","format":"standard","meta":{"_uag_custom_page_level_css":"","site-sidebar-layout":"default","site-content-layout":"","ast-site-content-layout":"","site-content-style":"default","site-sidebar-style":"default","ast-global-header-display":"","ast-banner-title-visibility":"","ast-main-header-display":"","ast-hfb-above-header-display":"","ast-hfb-below-header-display":"","ast-hfb-mobile-header-display":"","site-post-title":"","ast-breadcrumbs-content":"","ast-featured-img":"","footer-sml-layout":"","theme-transparent-header-meta":"","adv-header-id-meta":"","stick-header-meta":"","header-above-stick-meta":"","header-main-stick-meta":"","header-below-stick-meta":"","astra-migrate-meta-layouts":"default","ast-page-background-enabled":"default","ast-page-background-meta":{"desktop":{"background-color":"var(--ast-global-color-4)","background-image":"","background-repeat":"repeat","background-position":"center center","background-size":"auto","background-attachment":"scroll","background-type":"","background-media":"","overlay-type":"","overlay-color":"","overlay-gradient":""},"tablet":{"background-color":"","background-image":"","background-repeat":"repeat","background-position":"center center","background-size":"auto","background-attachment":"scroll","background-type":"","background-media":"","overlay-type":"","overlay-color":"","overlay-gradient":""},"mobile":{"background-color":"","background-image":"","background-repeat":"repeat","background-position":"center center","background-size":"auto","background-attachment":"scroll","background-type":"","background-media":"","overlay-type":"","overlay-color":"","overlay-gradient":""}},"ast-content-background-meta":{"desktop":{"background-color":"var(--ast-global-color-5)","background-image":"","background-repeat":"repeat","background-position":"center center","background-size":"auto","background-attachment":"scroll","background-type":"","background-media":"","overlay-type":"","overlay-color":"","overlay-gradient":""},"tablet":{"background-color":"var(--ast-global-color-5)","background-image":"","background-repeat":"repeat","background-position":"center center","background-size":"auto","background-attachment":"scroll","background-type":"","background-media":"","overlay-type":"","overlay-color":"","overlay-gradient":""},"mobile":{"background-color":"var(--ast-global-color-5)","background-image":"","background-repeat":"repeat","background-position":"center center","background-size":"auto","background-attachment":"scroll","background-type":"","background-media":"","overlay-type":"","overlay-color":"","overlay-gradient":""}},"footnotes":""},"categories":[39],"tags":[],"class_list":["post-5622","post","type-post","status-publish","format-standard","has-post-thumbnail","hentry","category-evenements"],"uagb_featured_image_src":{"full":["https:\/\/www.frenchtechberlin.com\/wp-content\/uploads\/2024\/10\/Screenshot-2024-10-10-at-15.24.16.png",1844,836,false],"thumbnail":["https:\/\/www.frenchtechberlin.com\/wp-content\/uploads\/2024\/10\/Screenshot-2024-10-10-at-15.24.16-150x150.png",150,150,true],"medium":["https:\/\/www.frenchtechberlin.com\/wp-content\/uploads\/2024\/10\/Screenshot-2024-10-10-at-15.24.16-300x136.png",300,136,true],"medium_large":["https:\/\/www.frenchtechberlin.com\/wp-content\/uploads\/2024\/10\/Screenshot-2024-10-10-at-15.24.16-768x348.png",768,348,true],"large":["https:\/\/www.frenchtechberlin.com\/wp-content\/uploads\/2024\/10\/Screenshot-2024-10-10-at-15.24.16-1024x464.png",1024,464,true],"1536x1536":["https:\/\/www.frenchtechberlin.com\/wp-content\/uploads\/2024\/10\/Screenshot-2024-10-10-at-15.24.16-1536x696.png",1536,696,true],"2048x2048":["https:\/\/www.frenchtechberlin.com\/wp-content\/uploads\/2024\/10\/Screenshot-2024-10-10-at-15.24.16.png",1844,836,false]},"uagb_author_info":{"display_name":"admin","author_link":"https:\/\/www.frenchtechberlin.com\/fr\/author\/admin\/"},"uagb_comment_info":0,"uagb_excerpt":"En partenariat avec French Tech Berlin Innovation et comp\u00e9titivit\u00e9 pour une \u00e9conomie europ\u00e9enne forte Lieu: Haus der Deutschen Wirtschaft, Berlin Date d&#8217;entr\u00e9e en vigueur : 4 novembre 2024 Programme (Sous r\u00e9serve de modifications) 12:00: R\u00e9ception debout et r\u00e9seautage 13:00: Discours de bienvenue 13:15: Allocutions des ministres Pr\u00e9sentation et discussion sur une coop\u00e9ration bilat\u00e9rale r\u00e9ussie en\u2026","_links":{"self":[{"href":"https:\/\/www.frenchtechberlin.com\/fr\/wp-json\/wp\/v2\/posts\/5622","targetHints":{"allow":["GET"]}}],"collection":[{"href":"https:\/\/www.frenchtechberlin.com\/fr\/wp-json\/wp\/v2\/posts"}],"about":[{"href":"https:\/\/www.frenchtechberlin.com\/fr\/wp-json\/wp\/v2\/types\/post"}],"author":[{"embeddable":true,"href":"https:\/\/www.frenchtechberlin.com\/fr\/wp-json\/wp\/v2\/users\/1"}],"replies":[{"embeddable":true,"href":"https:\/\/www.frenchtechberlin.com\/fr\/wp-json\/wp\/v2\/comments?post=5622"}],"version-history":[{"count":3,"href":"https:\/\/www.frenchtechberlin.com\/fr\/wp-json\/wp\/v2\/posts\/5622\/revisions"}],"predecessor-version":[{"id":5633,"href":"https:\/\/www.frenchtechberlin.com\/fr\/wp-json\/wp\/v2\/posts\/5622\/revisions\/5633"}],"wp:featuredmedia":[{"embeddable":true,"href":"https:\/\/www.frenchtechberlin.com\/fr\/wp-json\/wp\/v2\/media\/5636"}],"wp:attachment":[{"href":"https:\/\/www.frenchtechberlin.com\/fr\/wp-json\/wp\/v2\/media?parent=5622"}],"wp:term":[{"taxonomy":"category","embeddable":true,"href":"https:\/\/www.frenchtechberlin.com\/fr\/wp-json\/wp\/v2\/categories?post=5622"},{"taxonomy":"post_tag","embeddable":true,"href":"https:\/\/www.frenchtechberlin.com\/fr\/wp-json\/wp\/v2\/tags?post=5622"}],"curies":[{"name":"wp","href":"https:\/\/api.w.org\/{rel}","templated":true}]}}