{"id":1030,"date":"2023-01-05T16:31:33","date_gmt":"2023-01-05T16:31:33","guid":{"rendered":"https:\/\/www.frenchtechberlin.com\/reseau-francais-a-berlin\/"},"modified":"2026-04-29T11:41:59","modified_gmt":"2026-04-29T11:41:59","slug":"reseau-francais-a-berlin","status":"publish","type":"post","link":"https:\/\/www.frenchtechberlin.com\/fr\/organisations-fr\/reseau-francais-a-berlin\/","title":{"rendered":"Associations et organisations fran\u00e7aises \u00e0 Berlin"},"content":{"rendered":"<p>Plus de 30 000 citoyens fran\u00e7ais sont enregistr\u00e9s \u00e0 Berlin. On les trouve int\u00e9gr\u00e9s dans de nombreuses organisations allemandes, mais ils sont \u00e9galement actifs dans des initiatives ayant un aspect fran\u00e7ais, dans des domaines vari\u00e9s (culture, \u00e9conomie, tourisme, \u00e9ducation, politique&#8230;) et sous des formes juridiques diverses (association, soci\u00e9t\u00e9, groupe non officiel&#8230;).<\/p>\n<p>La ville de Berlin est tr\u00e8s internationale et s&#8217;efforce de fournir des services en plus de l&#8217;allemand. Vous trouverez de nombreuses aides \u00e9galement en anglais, mais une aide francophone peut \u00eatre compl\u00e9mentaire \u00e0 ces offres et peut acc\u00e9l\u00e9rer votre int\u00e9gration en vous permettant de comprendre plus rapidement ce qu&#8217;il faut faire, qui appeler, o\u00f9 aller, pour atteindre vos objectifs.<\/p>\n<p>Voici une liste non exhaustive d&#8217;initiatives qui peuvent vous aider.<\/p>\n<ul>\n<li>Ambassade de France \u00e0 Berlin<\/li>\n<li>Fran\u00e7ais du Monde Berlin FDM Berlin<\/li>\n<li>UFE Berlin Union des Fran\u00e7ais de l&#8217;\u00c9tranger, L&#8217;Union des Fran\u00e7ais de l&#8217;\u00c9tranger (UFE), association reconnue d&#8217;utilit\u00e9 publique, est un r\u00e9seau qui regroupe des Fran\u00e7ais, des francophones et des francophiles \u00e0 travers le monde.<\/li>\n<li>Assembl\u00e9e des Fran\u00e7ais de l&#8217;Etranger AFE<\/li>\n<li>Institut Fran\u00e7ais Berlin | Institut fran\u00e7ais d&#8217;Allemagne<\/li>\n<li>Berlin Accueil <a style=\"font-family: -apple-system, BlinkMacSystemFont, 'Segoe UI', Roboto, Oxygen-Sans, Ubuntu, Cantarell, 'Helvetica Neue', sans-serif; font-size: revert; background-color: var(--ast-global-color-5);\" href=\"https:\/\/www.fiafe.org\/\">FIAFE <\/a> <\/li>\n<li>DFG Deutsch-Franz\u00f6sische Gesellschaft Berlin (Soci\u00e9t\u00e9 franco-allemande de Berlin)<\/li>\n<li>Centre Fran\u00e7ais de Berlin Le but du CFB est de contribuer \u00e0 l&#8217;esprit europ\u00e9en de l&#8217;amiti\u00e9 entre les peuples dans les domaines de la jeunesse, de la formation et de la culture.<\/li>\n<li>Maison des Francophonies de Berlin, La Maison des Francophonies se veut promotrice d&#8217;une francophonie engag\u00e9e aux cultures vari\u00e9es en construisant des temps forts autour de la langue fran\u00e7aise.<\/li>\n<li>Petit Journal de Berlin : Le m\u00e9dia des expatri\u00e9s \u00e0 Berlin | lepetitjournal.com . Pour tout savoir sur l&#8217;actualit\u00e9 \u00e0 Berlin et la vie de la communaut\u00e9 fran\u00e7aise expatri\u00e9e et francophone : culture, emploi, sorties, bons plans&#8230;<\/li>\n<li>Club RFI Berlin Club de RFI Berlin e.V. &#8211; H\u00f6rerklub<\/li>\n<li>Bleu Blanc Rose : association queer franco-allemande de Berlin.<\/li>\n<li>AHK Deutsch-Franz\u00f6sische Industrie- und Handelskammer : Dienstleistungen, Events und ein international Netzwerk : Beratung und Unterst\u00fctzung f\u00fcr Unternehmen im deutsch-franz\u00f6sischen Markt.<\/li>\n<li>Cercle \u00e9conomique franco-allemand de Berlin CEFA &#8211; DFWK : Le Cercle Economique Franco-Allemand se veut un lieu d&#8217;\u00e9changes et de d\u00e9bats \u00e0 Berlin. Nous proposons r\u00e9guli\u00e8rement des \u00e9v\u00e9nements.<\/li>\n<li>Les Nouvelles Voix &#8211; Women founders network, r\u00e9seau d&#8217;entraide et de networking des femmes entrepreneures francophones de Berlin<\/li>\n<li>Les Berlineuses <a style=\"font-size: revert; background-color: var(--ast-global-color-5); font-family: -apple-system, BlinkMacSystemFont, 'Segoe UI', Roboto, Oxygen-Sans, Ubuntu, Cantarell, 'Helvetica Neue', sans-serif;\" href=\"https:\/\/www.facebook.com\/groups\/berlineuses\/\">https:\/\/www.facebook.com\/groups\/berlineuses\/<\/a><\/li>\n<\/ul>\n<h2 id=\"podcasts\">Podcasts<\/h2>\n<p>Berlin de toi<\/p>\n<figure class=\"kg-card kg-embed-card\"><iframe loading=\"lazy\" style=\"border-radius: 12px;\" title=\"Spotify Embed : Berlin de Toi\" src=\"https:\/\/open.spotify.com\/embed\/show\/6xMgXvL6B2KWW2m441ksSE?si=b53ca6b3fbf3406b&amp;nd=1&amp;utm_source=oembed\" width=\"100%\" height=\"152\" frameborder=\"0\" allowfullscreen=\"allowfullscreen\"><\/iframe><\/figure>\n<p>Les M\u00e4dels entreprennent<\/p>\n<figure class=\"kg-card kg-embed-card\"><iframe loading=\"lazy\" style=\"border-radius: 12px;\" title=\"Spotify Embed : Les M\u00e4dels entreprennent\" src=\"https:\/\/open.spotify.com\/embed\/show\/3UYTY8aJNb59EOOMZLyc43?si=2e762b26c3784d3d&amp;nd=1&amp;utm_source=oembed\" width=\"100%\" height=\"152\" frameborder=\"0\" allowfullscreen=\"allowfullscreen\"><\/iframe><\/figure>\n<p>Podcast sur l&#8217;expatriation des spreedevous<\/p>\n<figure class=\"kg-card kg-embed-card\"><iframe loading=\"lazy\" style=\"border-radius: 12px;\" title=\"Spotify Embed : Spreedevous\" src=\"https:\/\/open.spotify.com\/embed\/show\/5CfGFAawzcgTU03ks1FWbV?si=d8ed5b64a3eb4c29&amp;utm_source=oembed\" width=\"100%\" height=\"152\" frameborder=\"0\" allowfullscreen=\"allowfullscreen\"><\/iframe><\/figure>\n<h2 id=\"migration-consulting\">Conseil en mati\u00e8re de migration<\/h2>\n<p>Conseil en migration MB 4.o<\/p>\n<figure class=\"kg-card kg-bookmark-card\">\n<div class=\"kg-bookmark-content\">\n<div class=\"kg-bookmark-title\">Conseil en migration 4.0<\/div>\n<div class=\"kg-bookmark-description\">Conseil en migration 4.0. 534 points de vue &#8211; 1 personne est pr\u00e9sente ici. Cette page a \u00e9t\u00e9 cr\u00e9\u00e9e dans le cadre du projet &#8220;MB4.0 &#8211; Gute Arbeit in Deutschland&#8221; de l&#8217;organisation Minor &#8211; Projektkontor&#8230;<\/div>\n<\/div>\n<div class=\"kg-bookmark-thumbnail\"><img decoding=\"async\" src=\"https:\/\/scontent.xx.fbcdn.net\/v\/t1.6435-1\/122242199_106021994633262_2520235731640219361_n.png?stp=dst-png_p200x200&amp;_nc_cat=101&amp;ccb=1-7&amp;_nc_sid=dbb9e7&amp;_nc_ohc=xrlSbe57eEoAX_w0UiN&amp;_nc_oc=AQl9AIy7DlmCHRqwYe_yzNtFyWihG6V26hL_H7avDqrTsMz_4iw-41Vdj0CBN6YKKtI&amp;_nc_ht=scontent.xx&amp;oh=00_AfCUEtfwBjw8d6-L-RGQaL7RV5otQxCYa9L6n0CZ0Dy2kw&amp;oe=63DE637C\" alt=\"\"><\/div>\n<\/figure>\n<p>Le &#8220;BEMA&#8221; soutient les immigr\u00e9s et les travailleurs mobiles dans l&#8217;exercice de leurs droits sociaux et du travail par conseil individuel et mesures d&#8217;\u00e9ducation et sensibilisation. (Berliner Beratungszentrum f\u00fcr Migration und Gute Arbeit)<\/p>\n<figure class=\"kg-card kg-bookmark-card\">\n<div class=\"kg-bookmark-content\">\n<div class=\"kg-bookmark-title\">BEMA<\/div>\n<div class=\"kg-bookmark-description\">Nous aidons les personnes en situation d&#8217;errance et les travailleurs mobiles \u00e0 faire valoir leurs droits professionnels et sociaux par le biais de la formation, de l&#8217;\u00e9ducation et de la sensibilisation.<\/div>\n<div class=\"kg-bookmark-metadata\"><img decoding=\"async\" class=\"kg-bookmark-icon\" src=\"https:\/\/bema.berlin\/fr\/fav\/apple-touch-icon.png\" alt=\"\"><span class=\"kg-bookmark-author\">BEMA<\/span><\/div>\n<\/div>\n<div class=\"kg-bookmark-thumbnail\"><\/div>\n<\/figure>\n<p>LaRA Reconnaissance de qualifications &#8211; LaRed &#8211; La Red Anerkennungs- und Qualifizierungsberatung<\/p>\n<figure class=\"kg-card kg-bookmark-card\">\n<div class=\"kg-bookmark-content\">\n<div class=\"kg-bookmark-title\">LaRA &#8211; Reconnaissance de qualifications &#8211; La Red<\/div>\n<div class=\"kg-bookmark-description\">Le projet a pris fin le 30.09.2022. Vous trouvez ici le service actuel d&#8217;aide \u00e0 la reconnaissance de dipl\u00f4me Avec le projet LaRA &#8211; La Red Anerkennungs- und Qualifizierungsberatung, La Red [&#8230;]<\/div>\n<div class=\"kg-bookmark-metadata\"><span class=\"kg-bookmark-author\">La Red<\/span><\/div>\n<\/div>\n<div class=\"kg-bookmark-thumbnail\"><\/div>\n<\/figure>\n<h2><\/h2>\n<h2 id=\"expatriation-help\">Aide \u00e0 l&#8217;expatriation<\/h2>\n<p>Expat Pro<\/p>\n<figure class=\"kg-card kg-bookmark-card\">\n<div class=\"kg-bookmark-content\">\n<div class=\"kg-bookmark-title\">Expat Pro : des Experts pour les Expats<\/div>\n<div class=\"kg-bookmark-description\">Le r\u00e9seau des professionnels de l&#8217;expatriation.<\/div>\n<div class=\"kg-bookmark-metadata\"><span class=\"kg-bookmark-author\">Le ProjetServicesScolarit\u00e9 &amp; EnseignementSant\u00e9 &amp; Bien-\u00eatreParentalit\u00e9 &amp; FamilleVie ProfessionnelleJuridique &amp; FinanceLogement &amp; LogistiqueLoisirs &amp; CommunicationVoyages &amp; TourismeEtudiantsArticlesScolarit\u00e9 &amp; EnseignementSant\u00e9 &amp; Bien-\u00eatreLogement &amp; ImmobilierVie ProfessionnelleJuridique &amp; FinanceParentalit\u00e9 et familleInterviews de nos Experts sur St\u00e9r\u00e9ochicRejoindre Expat ProFonctionnement et TarifsAdh\u00e9sion Ind\u00e9pendantAdh\u00e9sion EntrepriseContact<\/span><\/div>\n<\/div>\n<\/figure>\n<div class=\"kg-bookmark-thumbnail\"><\/div>\n<p>Bexpat<\/p>\n<figure class=\"kg-card kg-bookmark-card\">\n<div class=\"kg-bookmark-content\">\n<div class=\"kg-bookmark-title\">Bexpat<\/div>\n<div class=\"kg-bookmark-description\">Inscrivez-vous \u00e0 Bexpat et commencez \u00e0 discuter avec des expatri\u00e9s et des voyageurs du monde entier. Bexpat est une plateforme pour partir \u00e0 l&#8217;\u00e9tranger.<\/div>\n<div class=\"kg-bookmark-metadata\"><span class=\"kg-bookmark-author\">Bexpat<\/span><span class=\"kg-bookmark-publisher\">Bexpat<\/span><\/div>\n<\/div>\n<div class=\"kg-bookmark-thumbnail\"><\/div>\n<\/figure>\n<p>Expatri\u00e9s.com<\/p>\n<figure class=\"kg-card kg-bookmark-card\">\n<div class=\"kg-bookmark-content\">\n<div class=\"kg-bookmark-title\">expatriates.com &#8211; la communaut\u00e9 en ligne des expatri\u00e9s<\/div>\n<div class=\"kg-bookmark-description\">expatriates.com propose des offres d&#8217;emploi, des appartements et des objets \u00e0 vendre. Placez une annonce gratuite. Trouvez ce que vous cherchez aujourd&#8217;hui !<\/div>\n<div class=\"kg-bookmark-metadata\"><span class=\"kg-bookmark-author\">expatriates.comLa communaut\u00e9 en ligne des expatri\u00e9s<\/span><\/div>\n<\/div>\n<div class=\"kg-bookmark-thumbnail\"><\/div>\n<\/figure>\n<p>Expatri\u00e9<\/p>\n<figure class=\"kg-card kg-bookmark-card\">\n<div class=\"kg-bookmark-content\">\n<div class=\"kg-bookmark-title\">Expat.com, la communaut\u00e9 des expatri\u00e9s<\/div>\n<div class=\"kg-bookmark-description\">Partagez votre exp\u00e9rience d&#8217;expatri\u00e9 sur expat.com, la communaut\u00e9 d&#8217;expatri\u00e9s en ligne. Vous trouverez ici tout ce dont vous avez besoin pour vivre \u00e0 l&#8217;\u00e9tranger.<\/div>\n<div class=\"kg-bookmark-metadata\"><span class=\"kg-bookmark-author\">https:\/\/www.expat.com\/<\/span><\/div>\n<\/div>\n<div class=\"kg-bookmark-thumbnail\"><\/div>\n<\/figure>\n<p>Nomadlist Berlin<\/p>\n<figure class=\"kg-card kg-bookmark-card\">\n<div class=\"kg-bookmark-thumbnail\"><img decoding=\"async\" src=\"https:\/\/nomadlist.com\/screenshot?url=%2Fberlin&amp;cachebuster=2023-01&amp;5\" alt=\"\"><\/div>\n<\/figure>\n<p>Liste pr\u00e9par\u00e9e par Anne-Chrystelle B\u00e4tz, (Emploi Allemagne)<\/p>\n","protected":false},"excerpt":{"rendered":"<p>Plus de 30 000 citoyens fran\u00e7ais sont enregistr\u00e9s \u00e0 Berlin. On les trouve int\u00e9gr\u00e9s dans de nombreuses organisations allemandes, mais ils sont \u00e9galement actifs dans des initiatives ayant un aspect fran\u00e7ais, dans des domaines vari\u00e9s (culture, \u00e9conomie, tourisme, \u00e9ducation, politique&#8230;) et sous des formes juridiques diverses (association, soci\u00e9t\u00e9, groupe non officiel&#8230;). La ville de Berlin [&hellip;]<\/p>\n","protected":false},"author":1,"featured_media":1031,"comment_status":"closed","ping_status":"open","sticky":false,"template":"","format":"standard","meta":{"_uag_custom_page_level_css":"","site-sidebar-layout":"default","site-content-layout":"","ast-site-content-layout":"","site-content-style":"default","site-sidebar-style":"default","ast-global-header-display":"","ast-banner-title-visibility":"","ast-main-header-display":"","ast-hfb-above-header-display":"","ast-hfb-below-header-display":"","ast-hfb-mobile-header-display":"","site-post-title":"","ast-breadcrumbs-content":"","ast-featured-img":"","footer-sml-layout":"","theme-transparent-header-meta":"","adv-header-id-meta":"","stick-header-meta":"","header-above-stick-meta":"","header-main-stick-meta":"","header-below-stick-meta":"","astra-migrate-meta-layouts":"default","ast-page-background-enabled":"default","ast-page-background-meta":{"desktop":{"background-color":"var(--ast-global-color-4)","background-image":"","background-repeat":"repeat","background-position":"center center","background-size":"auto","background-attachment":"scroll","background-type":"","background-media":"","overlay-type":"","overlay-color":"","overlay-gradient":""},"tablet":{"background-color":"","background-image":"","background-repeat":"repeat","background-position":"center center","background-size":"auto","background-attachment":"scroll","background-type":"","background-media":"","overlay-type":"","overlay-color":"","overlay-gradient":""},"mobile":{"background-color":"","background-image":"","background-repeat":"repeat","background-position":"center center","background-size":"auto","background-attachment":"scroll","background-type":"","background-media":"","overlay-type":"","overlay-color":"","overlay-gradient":""}},"ast-content-background-meta":{"desktop":{"background-color":"var(--ast-global-color-5)","background-image":"","background-repeat":"repeat","background-position":"center center","background-size":"auto","background-attachment":"scroll","background-type":"","background-media":"","overlay-type":"","overlay-color":"","overlay-gradient":""},"tablet":{"background-color":"var(--ast-global-color-5)","background-image":"","background-repeat":"repeat","background-position":"center center","background-size":"auto","background-attachment":"scroll","background-type":"","background-media":"","overlay-type":"","overlay-color":"","overlay-gradient":""},"mobile":{"background-color":"var(--ast-global-color-5)","background-image":"","background-repeat":"repeat","background-position":"center center","background-size":"auto","background-attachment":"scroll","background-type":"","background-media":"","overlay-type":"","overlay-color":"","overlay-gradient":""}},"footnotes":""},"categories":[45],"tags":[],"class_list":["post-1030","post","type-post","status-publish","format-standard","has-post-thumbnail","hentry","category-organisations-fr"],"uagb_featured_image_src":{"full":false,"thumbnail":false,"medium":false,"medium_large":false,"large":false,"1536x1536":false,"2048x2048":false},"uagb_author_info":{"display_name":"admin","author_link":"https:\/\/www.frenchtechberlin.com\/fr\/author\/admin\/"},"uagb_comment_info":0,"uagb_excerpt":"Plus de 30 000 citoyens fran\u00e7ais sont enregistr\u00e9s \u00e0 Berlin. On les trouve int\u00e9gr\u00e9s dans de nombreuses organisations allemandes, mais ils sont \u00e9galement actifs dans des initiatives ayant un aspect fran\u00e7ais, dans des domaines vari\u00e9s (culture, \u00e9conomie, tourisme, \u00e9ducation, politique&#8230;) et sous des formes juridiques diverses (association, soci\u00e9t\u00e9, groupe non officiel&#8230;). La ville de Berlin\u2026","_links":{"self":[{"href":"https:\/\/www.frenchtechberlin.com\/fr\/wp-json\/wp\/v2\/posts\/1030","targetHints":{"allow":["GET"]}}],"collection":[{"href":"https:\/\/www.frenchtechberlin.com\/fr\/wp-json\/wp\/v2\/posts"}],"about":[{"href":"https:\/\/www.frenchtechberlin.com\/fr\/wp-json\/wp\/v2\/types\/post"}],"author":[{"embeddable":true,"href":"https:\/\/www.frenchtechberlin.com\/fr\/wp-json\/wp\/v2\/users\/1"}],"replies":[{"embeddable":true,"href":"https:\/\/www.frenchtechberlin.com\/fr\/wp-json\/wp\/v2\/comments?post=1030"}],"version-history":[{"count":2,"href":"https:\/\/www.frenchtechberlin.com\/fr\/wp-json\/wp\/v2\/posts\/1030\/revisions"}],"predecessor-version":[{"id":7607,"href":"https:\/\/www.frenchtechberlin.com\/fr\/wp-json\/wp\/v2\/posts\/1030\/revisions\/7607"}],"wp:featuredmedia":[{"embeddable":true,"href":"https:\/\/www.frenchtechberlin.com\/fr\/wp-json\/wp\/v2\/posts\/1031"}],"wp:attachment":[{"href":"https:\/\/www.frenchtechberlin.com\/fr\/wp-json\/wp\/v2\/media?parent=1030"}],"wp:term":[{"taxonomy":"category","embeddable":true,"href":"https:\/\/www.frenchtechberlin.com\/fr\/wp-json\/wp\/v2\/categories?post=1030"},{"taxonomy":"post_tag","embeddable":true,"href":"https:\/\/www.frenchtechberlin.com\/fr\/wp-json\/wp\/v2\/tags?post=1030"}],"curies":[{"name":"wp","href":"https:\/\/api.w.org\/{rel}","templated":true}]}}