{"id":1010,"date":"2022-10-15T09:45:34","date_gmt":"2022-10-15T09:45:34","guid":{"rendered":"https:\/\/www.frenchtechberlin.com\/confidentialite-des-donnees-pour-les-startups-internationales-online-lunch-talk\/"},"modified":"2026-04-29T11:41:55","modified_gmt":"2026-04-29T11:41:55","slug":"confidentialite-des-donnees-pour-les-startups-internationales-online-lunch-talk","status":"publish","type":"post","link":"https:\/\/www.frenchtechberlin.com\/fr\/evenements\/confidentialite-des-donnees-pour-les-startups-internationales-online-lunch-talk\/","title":{"rendered":"Confidentialit\u00e9 des donn\u00e9es pour les startups internationales (Online Lunch Talk)"},"content":{"rendered":"<p>Wed, Oct 19, 2022 12:00 PM<\/p>\n<p><!--kg-card-begin: html--><\/p>\n<table border=\"0\" cellpadding=\"0\" cellspacing=\"0\" width=\"100%\" class=\"mcnTextBlock\" style=\"border-collapse: collapse; text-size-adjust: 100%; color: rgb(0, 0, 0); font-family: Times; font-size: medium; font-style: normal; font-variant-ligatures: normal; font-variant-caps: normal; font-weight: 400; letter-spacing: normal; orphans: 2; text-align: start; text-transform: none; white-space: normal; widows: 2; word-spacing: 0px; -webkit-text-stroke-width: 0px; text-decoration-thickness: initial; text-decoration-style: initial; text-decoration-color: initial; min-width: 100%;\">\n<tbody class=\"mcnTextBlockOuter\">\n<tr>\n<td valign=\"top\" class=\"mcnTextBlockInner\" style=\"text-size-adjust: 100%; padding-top: 9px;\">\n<table align=\"left\" border=\"0\" cellpadding=\"0\" cellspacing=\"0\" width=\"100%\" class=\"mcnTextContentContainer\" style=\"border-collapse: collapse; text-size-adjust: 100%; max-width: 100%; min-width: 100%;\">\n<tbody>\n<tr>\n<td valign=\"top\" class=\"mcnTextContent\" style=\"text-size-adjust: 100%; word-break: break-word; color: rgb(32, 32, 32); font-family: Helvetica; font-size: 12px; line-height: 18px; text-align: left; padding: 0px 18px 9px;\"><span style=\"font-size: 16px;\">Les r\u00e9glementations en mati\u00e8re de confidentialit\u00e9 des donn\u00e9es constituent un d\u00e9fi pour les entreprises en d\u00e9marrage lorsqu&#8217;elles s&#8217;internationalisent. Nous en parlerons avec des experts de France et d&#8217;Allemagne.<\/p>\n<p>Ce d\u00e9jeuner-causerie en ligne (zoom) sera l&#8217;occasion de discuter avec<span>&nbsp;<\/span><a href=\"https:\/\/www.linkedin.com\/in\/grit-karg-ab301959\/\" target=\"_blank\" style=\"text-size-adjust: 100%; color: rgb(0, 124, 137); font-weight: normal; text-decoration: underline;\" rel=\"noopener\">Grit Karg<\/a>, responsable des affaires juridiques de l&#8217;entreprise \u00e0<span>&nbsp;<\/span><strong>Doctolib<\/strong><span>&nbsp;<\/span>Allemagne.<br \/>Pendant la pand\u00e9mie de COVID-19, cette startup fran\u00e7aise a fait l&#8217;objet d&#8217;une attention particuli\u00e8re en Allemagne, notamment en ce qui concerne la confidentialit\u00e9 et la protection des donn\u00e9es. Comment a-t-elle fait face aux critiques ? Qu&#8217;a-t-elle appris de ces exp\u00e9riences ? A-t-elle constat\u00e9 une diff\u00e9rence entre l&#8217;Allemagne et la France ?<br \/>Nous accueillerons ensuite deux experts en protection des donn\u00e9es, l&#8217;un de France, l&#8217;autre d&#8217;Allemagne, afin de comprendre si la gestion des questions de protection des donn\u00e9es est diff\u00e9rente dans ces deux pays.<br \/>Nous terminerons ce &#8220;Lunch talk&#8221; par une s\u00e9rie de questions de l&#8217;auditoire.<\/p>\n<p>Panel<\/span><\/p>\n<ul>\n<li style=\"text-size-adjust: 100%;\"><span style=\"font-size: 16px;\"><a href=\"https:\/\/www.linkedin.com\/in\/grit-karg-ab301959\/\" target=\"_blank\" style=\"text-size-adjust: 100%; color: rgb(0, 124, 137); font-weight: normal; text-decoration: underline;\" rel=\"noopener\">Grit Karg<\/a>, directeur des affaires juridiques,<span><br \/>\n  &nbsp;<br \/>\n<\/span><a href=\"https:\/\/www.linkedin.com\/company\/doctolib\/\" target=\"_blank\" style=\"text-size-adjust: 100%; color: rgb(0, 124, 137); font-weight: normal; text-decoration: underline;\" rel=\"noopener\">Doctolib<\/a><span><br \/>\n  &nbsp;<br \/>\n<\/span>Allemagne<\/span><\/li>\n<li style=\"text-size-adjust: 100%;\"><span style=\"font-size: 16px;\"><a href=\"https:\/\/www.linkedin.com\/in\/florianboyenval\/\" target=\"_blank\" style=\"text-size-adjust: 100%; color: rgb(0, 124, 137); font-weight: normal; text-decoration: underline;\" rel=\"noopener\">Florian Boyenval<\/a>, d\u00e9l\u00e9gu\u00e9 \u00e0 la protection des donn\u00e9es&nbsp;&amp; CEO,<span><br \/>\n  &nbsp;<br \/>\n<\/span><a href=\"https:\/\/www.linkedin.com\/company\/dpflow\/\" target=\"_blank\" style=\"text-size-adjust: 100%; color: rgb(0, 124, 137); font-weight: normal; text-decoration: underline;\" rel=\"noopener\">DP Flow<\/a>&nbsp;Bordeaux<\/span><\/li>\n<li style=\"text-size-adjust: 100%;\"><span style=\"font-size: 16px;\"><a href=\"https:\/\/www.linkedin.com\/in\/philipp-dannenberg-80b01815a\/\" target=\"_blank\" style=\"text-size-adjust: 100%; color: rgb(0, 124, 137); font-weight: normal; text-decoration: underline;\" rel=\"noopener\">Philipp Dannenberg<\/a>, cofondateur et PDG,<span><br \/>\n  &nbsp;<br \/>\n<\/span><a href=\"https:\/\/www.linkedin.com\/company\/intelliant-gmbh\/\" target=\"_blank\" style=\"text-size-adjust: 100%; color: rgb(0, 124, 137); font-weight: normal; text-decoration: underline;\" rel=\"noopener\">Intelliant<\/a><span><br \/>\n  &nbsp;<br \/>\n<\/span>Berlin<\/span><\/li>\n<\/ul>\n<p><span style=\"font-size: 16px;\">La mod\u00e9ration<\/span><\/p>\n<ul>\n<li style=\"text-size-adjust: 100%;\"><span style=\"font-size: 16px;\"><a href=\"https:\/\/www.linkedin.com\/in\/andrepitie\/\" target=\"_blank\" style=\"text-size-adjust: 100%; color: rgb(0, 124, 137); font-weight: normal; text-decoration: underline;\" rel=\"noopener\">Andr\u00e9 Piti\u00e9<\/a>, membre du conseil d&#8217;administration de French Tech Berlin<\/span><\/li>\n<\/ul>\n<p><span style=\"font-size: 16px;\">19 octobre 2022 \u00e0 12:00PM &#8211; 1:30PM<\/p>\n<p>RSVP : Inscrivez-vous gratuitement sur la page de l&#8217;\u00e9v\u00e9nement Linkedin :<\/span><\/td>\n<\/tr>\n<\/tbody>\n<\/table>\n<\/td>\n<\/tr>\n<\/tbody>\n<\/table>\n<p><!--kg-card-end: html--><!--kg-card-begin: html--><\/p>\n<table border=\"0\" cellpadding=\"0\" cellspacing=\"0\" width=\"100%\" class=\"mcnButtonBlock\" style=\"border-collapse: collapse; text-size-adjust: 100%; color: rgb(0, 0, 0); font-family: Times; font-size: medium; font-style: normal; font-variant-ligatures: normal; font-variant-caps: normal; font-weight: 400; letter-spacing: normal; orphans: 2; text-align: start; text-transform: none; white-space: normal; widows: 2; word-spacing: 0px; -webkit-text-stroke-width: 0px; text-decoration-thickness: initial; text-decoration-style: initial; text-decoration-color: initial; min-width: 100%;\">\n<tbody class=\"mcnButtonBlockOuter\">\n<tr>\n<td valign=\"top\" align=\"center\" class=\"mcnButtonBlockInner\" style=\"text-size-adjust: 100%; padding: 0px 18px 18px;\">\n<table border=\"0\" cellpadding=\"0\" cellspacing=\"0\" class=\"mcnButtonContentContainer\" style=\"border-collapse: separate !important; text-size-adjust: 100%; border-radius: 4px; background-color: rgb(235, 58, 96);\">\n<tbody>\n<tr>\n<td align=\"center\" valign=\"middle\" class=\"mcnButtonContent\" style=\"text-size-adjust: 100%; font-family: Arial; font-size: 16px; padding: 18px;\"><a class=\"mcnButton \" title=\"S'inscrire ici\" href=\"https:\/\/www.linkedin.com\/events\/dataprivacyforinternationalstar6986254158370611200\/\" target=\"_blank\" style=\"text-size-adjust: 100%; display: block; font-weight: bold; letter-spacing: normal; line-height: 16px; text-align: center; text-decoration: none; color: rgb(255, 255, 255);\" rel=\"noopener\">S&#8217;inscrire ici<\/a><\/td>\n<\/tr>\n<\/tbody>\n<\/table>\n<\/td>\n<\/tr>\n<\/tbody>\n<\/table>\n<p><!--kg-card-end: html--><\/p>\n","protected":false},"excerpt":{"rendered":"<p>Wed, Oct 19, 2022 12:00 PM Les r\u00e9glementations en mati\u00e8re de confidentialit\u00e9 des donn\u00e9es constituent un d\u00e9fi pour les entreprises en d\u00e9marrage lorsqu&#8217;elles s&#8217;internationalisent. Nous en parlerons avec des experts de France et d&#8217;Allemagne. Ce d\u00e9jeuner-causerie en ligne (zoom) sera l&#8217;occasion de discuter avec&nbsp;Grit Karg, responsable des affaires juridiques de l&#8217;entreprise \u00e0&nbsp;Doctolib&nbsp;Allemagne.Pendant la pand\u00e9mie de [&hellip;]<\/p>\n","protected":false},"author":1,"featured_media":912,"comment_status":"closed","ping_status":"open","sticky":false,"template":"","format":"standard","meta":{"_uag_custom_page_level_css":"","site-sidebar-layout":"default","site-content-layout":"","ast-site-content-layout":"","site-content-style":"default","site-sidebar-style":"default","ast-global-header-display":"","ast-banner-title-visibility":"","ast-main-header-display":"","ast-hfb-above-header-display":"","ast-hfb-below-header-display":"","ast-hfb-mobile-header-display":"","site-post-title":"","ast-breadcrumbs-content":"","ast-featured-img":"","footer-sml-layout":"","theme-transparent-header-meta":"","adv-header-id-meta":"","stick-header-meta":"","header-above-stick-meta":"","header-main-stick-meta":"","header-below-stick-meta":"","astra-migrate-meta-layouts":"default","ast-page-background-enabled":"default","ast-page-background-meta":{"desktop":{"background-color":"var(--ast-global-color-4)","background-image":"","background-repeat":"repeat","background-position":"center center","background-size":"auto","background-attachment":"scroll","background-type":"","background-media":"","overlay-type":"","overlay-color":"","overlay-gradient":""},"tablet":{"background-color":"","background-image":"","background-repeat":"repeat","background-position":"center center","background-size":"auto","background-attachment":"scroll","background-type":"","background-media":"","overlay-type":"","overlay-color":"","overlay-gradient":""},"mobile":{"background-color":"","background-image":"","background-repeat":"repeat","background-position":"center center","background-size":"auto","background-attachment":"scroll","background-type":"","background-media":"","overlay-type":"","overlay-color":"","overlay-gradient":""}},"ast-content-background-meta":{"desktop":{"background-color":"var(--ast-global-color-5)","background-image":"","background-repeat":"repeat","background-position":"center center","background-size":"auto","background-attachment":"scroll","background-type":"","background-media":"","overlay-type":"","overlay-color":"","overlay-gradient":""},"tablet":{"background-color":"var(--ast-global-color-5)","background-image":"","background-repeat":"repeat","background-position":"center center","background-size":"auto","background-attachment":"scroll","background-type":"","background-media":"","overlay-type":"","overlay-color":"","overlay-gradient":""},"mobile":{"background-color":"var(--ast-global-color-5)","background-image":"","background-repeat":"repeat","background-position":"center center","background-size":"auto","background-attachment":"scroll","background-type":"","background-media":"","overlay-type":"","overlay-color":"","overlay-gradient":""}},"footnotes":""},"categories":[39],"tags":[40],"class_list":["post-1010","post","type-post","status-publish","format-standard","has-post-thumbnail","hentry","category-evenements","tag-dejeuner-causerie"],"uagb_featured_image_src":{"full":["https:\/\/www.frenchtechberlin.com\/wp-content\/uploads\/2022\/10\/French_Tech_Berlin_2022_10_19-12pm-bordeaux-B.png",1029,581,false],"thumbnail":["https:\/\/www.frenchtechberlin.com\/wp-content\/uploads\/2022\/10\/French_Tech_Berlin_2022_10_19-12pm-bordeaux-B-150x150.png",150,150,true],"medium":["https:\/\/www.frenchtechberlin.com\/wp-content\/uploads\/2022\/10\/French_Tech_Berlin_2022_10_19-12pm-bordeaux-B-300x169.png",300,169,true],"medium_large":["https:\/\/www.frenchtechberlin.com\/wp-content\/uploads\/2022\/10\/French_Tech_Berlin_2022_10_19-12pm-bordeaux-B-768x434.png",768,434,true],"large":["https:\/\/www.frenchtechberlin.com\/wp-content\/uploads\/2022\/10\/French_Tech_Berlin_2022_10_19-12pm-bordeaux-B-1024x578.png",1024,578,true],"1536x1536":["https:\/\/www.frenchtechberlin.com\/wp-content\/uploads\/2022\/10\/French_Tech_Berlin_2022_10_19-12pm-bordeaux-B.png",1029,581,false],"2048x2048":["https:\/\/www.frenchtechberlin.com\/wp-content\/uploads\/2022\/10\/French_Tech_Berlin_2022_10_19-12pm-bordeaux-B.png",1029,581,false]},"uagb_author_info":{"display_name":"admin","author_link":"https:\/\/www.frenchtechberlin.com\/fr\/author\/admin\/"},"uagb_comment_info":0,"uagb_excerpt":"Wed, Oct 19, 2022 12:00 PM Les r\u00e9glementations en mati\u00e8re de confidentialit\u00e9 des donn\u00e9es constituent un d\u00e9fi pour les entreprises en d\u00e9marrage lorsqu&#8217;elles s&#8217;internationalisent. Nous en parlerons avec des experts de France et d&#8217;Allemagne. Ce d\u00e9jeuner-causerie en ligne (zoom) sera l&#8217;occasion de discuter avec&nbsp;Grit Karg, responsable des affaires juridiques de l&#8217;entreprise \u00e0&nbsp;Doctolib&nbsp;Allemagne.Pendant la pand\u00e9mie de\u2026","_links":{"self":[{"href":"https:\/\/www.frenchtechberlin.com\/fr\/wp-json\/wp\/v2\/posts\/1010","targetHints":{"allow":["GET"]}}],"collection":[{"href":"https:\/\/www.frenchtechberlin.com\/fr\/wp-json\/wp\/v2\/posts"}],"about":[{"href":"https:\/\/www.frenchtechberlin.com\/fr\/wp-json\/wp\/v2\/types\/post"}],"author":[{"embeddable":true,"href":"https:\/\/www.frenchtechberlin.com\/fr\/wp-json\/wp\/v2\/users\/1"}],"replies":[{"embeddable":true,"href":"https:\/\/www.frenchtechberlin.com\/fr\/wp-json\/wp\/v2\/comments?post=1010"}],"version-history":[{"count":2,"href":"https:\/\/www.frenchtechberlin.com\/fr\/wp-json\/wp\/v2\/posts\/1010\/revisions"}],"predecessor-version":[{"id":7605,"href":"https:\/\/www.frenchtechberlin.com\/fr\/wp-json\/wp\/v2\/posts\/1010\/revisions\/7605"}],"wp:featuredmedia":[{"embeddable":true,"href":"https:\/\/www.frenchtechberlin.com\/fr\/wp-json\/wp\/v2\/media\/912"}],"wp:attachment":[{"href":"https:\/\/www.frenchtechberlin.com\/fr\/wp-json\/wp\/v2\/media?parent=1010"}],"wp:term":[{"taxonomy":"category","embeddable":true,"href":"https:\/\/www.frenchtechberlin.com\/fr\/wp-json\/wp\/v2\/categories?post=1010"},{"taxonomy":"post_tag","embeddable":true,"href":"https:\/\/www.frenchtechberlin.com\/fr\/wp-json\/wp\/v2\/tags?post=1010"}],"curies":[{"name":"wp","href":"https:\/\/api.w.org\/{rel}","templated":true}]}}