{"id":1001,"date":"2022-12-16T09:00:29","date_gmt":"2022-12-16T09:00:29","guid":{"rendered":"https:\/\/www.frenchtechberlin.com\/french-tech-berlin-community-fruhstuck-4-ief\/"},"modified":"2026-04-29T11:42:49","modified_gmt":"2026-04-29T11:42:49","slug":"french-tech-berlin-community-fruhstuck-4-ief","status":"publish","type":"post","link":"https:\/\/www.frenchtechberlin.com\/fr\/evenements\/french-tech-berlin-community-fruhstuck-4-ief\/","title":{"rendered":"Concours de la Communaut\u00e9 #4 @ IEF"},"content":{"rendered":"<p>Le 16 d\u00e9cembre \u00e0 9 heures, French Tech Berlin vous invite \u00e0 un petit-d\u00e9jeuner organis\u00e9 par Internet Economy Foundation (IE.F) et iconomy.<\/p>\n<p><a href=\"https:\/\/www.eventbrite.com\/e\/french-tech-berlin-community-fruhstuck-4-ief-and-iconomy-tickets-480199187697\">https:\/\/www.eventbrite.com\/e\/french-tech-berlin-community-fruhstuck-4-ief-and-iconomy-tickets-480199187697<\/a><\/p>\n<h2 id=\"what%E2%80%99s-the-plan\">Quel est le plan ?<\/h2>\n<p>Nous souhaitons r\u00e9unir l&#8217;\u00e9cosyst\u00e8me franco-allemand de Berlin pour un petit-d\u00e9jeuner de networking sous la banni\u00e8re French Tech Berlin.<\/p>\n<p>Vous \u00eates un fondateur fran\u00e7ais ou francophile \u00e0 Berlin ?<\/p>\n<p>Vous travaillez pour une entreprise fran\u00e7aise bas\u00e9e \u00e0 Berlin ou pour une entreprise allemande qui s&#8217;int\u00e9resse au march\u00e9 fran\u00e7ais ?<\/p>\n<p>Vous \u00eates impliqu\u00e9 d&#8217;une mani\u00e8re ou d&#8217;une autre dans l&#8217;\u00e9cosyst\u00e8me franco-allemand \u00e0 Berlin et vous souhaitez prendre un bon petit-d\u00e9jeuner entour\u00e9 de personnes partageant les m\u00eames id\u00e9es ?<\/p>\n<p>Alors prenez votre billet gratuit et venez nous rejoindre !<\/p>\n<h2 id=\"what-will-happen-during-breakfast\">Que se passera-t-il pendant le petit-d\u00e9jeuner ?<\/h2>\n<p>8:45 &#8211; 09:15 \/ Bienvenue \u00e0 Internet Economy Foundation (IE.F) et iconomy, nos partenaires pour le petit-d\u00e9jeuner de cette \u00e9dition.<\/p>\n<p>09:15 \/ Qu&#8217;est-ce que la French Tech Berlin ? Introduction par Emilie Vallauri, membre du conseil d&#8217;administration de French Tech Berlin<\/p>\n<p>09:20 \/ Clark Parsons, directeur g\u00e9n\u00e9ral de l&#8217;Internet Economy Foundation (IE.F), pr\u00e9sentera l&#8217;Internet Economy Foundation et partagera les points forts de l&#8217;\u00e9v\u00e9nement Pursuing Scale-up Europe.<\/p>\n<p>09:35 &#8211; 10:30 \/ Temps de r\u00e9seautage !<\/p>\n<p>Nous nous r\u00e9jouissons de vous rencontrer au petit-d\u00e9jeuner !<\/p>\n<p>Votre \u00e9quipe French Tech Berlin<\/p>\n<h3 id=\"%E2%9A%A0%EF%B8%8F-the-number-of-participants-being-limited-in-number-we-kindly-ask-you-to-cancel-your-ticket-in-advance-if-you-know-you-wont-be-able-to-make-it-thank-you\">\u26a0\ufe0f Le nombre de participants \u00e9tant limit\u00e9, nous vous demandons d&#8217;annuler votre billet \u00e0 l&#8217;avance si vous savez que vous ne pourrez pas venir ! Je vous remercie \ud83d\ude42<\/h3>\n<p><em>\u00c0 propos de French Tech Berlin<\/em><\/p>\n<p>Notre mission premi\u00e8re est de permettre aux entrepreneurs d&#8217;acc\u00e9der \u00e0 toutes les informations et contacts dont ils ont besoin pour explorer et d\u00e9velopper leurs activit\u00e9s en Allemagne, avec un accent particulier sur les startups et l&#8217;\u00e9cosyst\u00e8me technologique de Berlin, le tout rassembl\u00e9 en un seul endroit. Nous aidons tous les membres de l&#8217;\u00e9cosyst\u00e8me \u00e0 cr\u00e9er des \u00e9changes et \u00e0 se d\u00e9velopper en Allemagne et en France : acc\u00e8s direct \u00e0 des experts et opportunit\u00e9s de mise en r\u00e9seau avec des acteurs cl\u00e9s. Nous acc\u00e9l\u00e9rons les connexions avec les startups locales et les entreprises de grande envergure en rassemblant les entreprises, les startups, les investisseurs, les \u00e9v\u00e9nements et les organisations.<\/p>\n","protected":false},"excerpt":{"rendered":"<p>Le 16 d\u00e9cembre \u00e0 9 heures, French Tech Berlin vous invite \u00e0 un petit-d\u00e9jeuner organis\u00e9 par Internet Economy Foundation (IE.F) et iconomy. https:\/\/www.eventbrite.com\/e\/french-tech-berlin-community-fruhstuck-4-ief-and-iconomy-tickets-480199187697 Quel est le plan ? Nous souhaitons r\u00e9unir l&#8217;\u00e9cosyst\u00e8me franco-allemand de Berlin pour un petit-d\u00e9jeuner de networking sous la banni\u00e8re French Tech Berlin. Vous \u00eates un fondateur fran\u00e7ais ou francophile \u00e0 Berlin [&hellip;]<\/p>\n","protected":false},"author":1,"featured_media":920,"comment_status":"closed","ping_status":"open","sticky":false,"template":"","format":"standard","meta":{"_uag_custom_page_level_css":"","site-sidebar-layout":"default","site-content-layout":"","ast-site-content-layout":"","site-content-style":"default","site-sidebar-style":"default","ast-global-header-display":"","ast-banner-title-visibility":"","ast-main-header-display":"","ast-hfb-above-header-display":"","ast-hfb-below-header-display":"","ast-hfb-mobile-header-display":"","site-post-title":"","ast-breadcrumbs-content":"","ast-featured-img":"","footer-sml-layout":"","theme-transparent-header-meta":"","adv-header-id-meta":"","stick-header-meta":"","header-above-stick-meta":"","header-main-stick-meta":"","header-below-stick-meta":"","astra-migrate-meta-layouts":"default","ast-page-background-enabled":"default","ast-page-background-meta":{"desktop":{"background-color":"var(--ast-global-color-4)","background-image":"","background-repeat":"repeat","background-position":"center center","background-size":"auto","background-attachment":"scroll","background-type":"","background-media":"","overlay-type":"","overlay-color":"","overlay-gradient":""},"tablet":{"background-color":"","background-image":"","background-repeat":"repeat","background-position":"center center","background-size":"auto","background-attachment":"scroll","background-type":"","background-media":"","overlay-type":"","overlay-color":"","overlay-gradient":""},"mobile":{"background-color":"","background-image":"","background-repeat":"repeat","background-position":"center center","background-size":"auto","background-attachment":"scroll","background-type":"","background-media":"","overlay-type":"","overlay-color":"","overlay-gradient":""}},"ast-content-background-meta":{"desktop":{"background-color":"var(--ast-global-color-5)","background-image":"","background-repeat":"repeat","background-position":"center center","background-size":"auto","background-attachment":"scroll","background-type":"","background-media":"","overlay-type":"","overlay-color":"","overlay-gradient":""},"tablet":{"background-color":"var(--ast-global-color-5)","background-image":"","background-repeat":"repeat","background-position":"center center","background-size":"auto","background-attachment":"scroll","background-type":"","background-media":"","overlay-type":"","overlay-color":"","overlay-gradient":""},"mobile":{"background-color":"var(--ast-global-color-5)","background-image":"","background-repeat":"repeat","background-position":"center center","background-size":"auto","background-attachment":"scroll","background-type":"","background-media":"","overlay-type":"","overlay-color":"","overlay-gradient":""}},"footnotes":""},"categories":[39],"tags":[19],"class_list":["post-1001","post","type-post","status-publish","format-standard","has-post-thumbnail","hentry","category-evenements","tag-petit-dejeuner"],"uagb_featured_image_src":{"full":["https:\/\/www.frenchtechberlin.com\/wp-content\/uploads\/2022\/12\/IEF-breakfast.png",940,470,false],"thumbnail":["https:\/\/www.frenchtechberlin.com\/wp-content\/uploads\/2022\/12\/IEF-breakfast-150x150.png",150,150,true],"medium":["https:\/\/www.frenchtechberlin.com\/wp-content\/uploads\/2022\/12\/IEF-breakfast-300x150.png",300,150,true],"medium_large":["https:\/\/www.frenchtechberlin.com\/wp-content\/uploads\/2022\/12\/IEF-breakfast-768x384.png",768,384,true],"large":["https:\/\/www.frenchtechberlin.com\/wp-content\/uploads\/2022\/12\/IEF-breakfast.png",940,470,false],"1536x1536":["https:\/\/www.frenchtechberlin.com\/wp-content\/uploads\/2022\/12\/IEF-breakfast.png",940,470,false],"2048x2048":["https:\/\/www.frenchtechberlin.com\/wp-content\/uploads\/2022\/12\/IEF-breakfast.png",940,470,false]},"uagb_author_info":{"display_name":"admin","author_link":"https:\/\/www.frenchtechberlin.com\/fr\/author\/admin\/"},"uagb_comment_info":0,"uagb_excerpt":"Le 16 d\u00e9cembre \u00e0 9 heures, French Tech Berlin vous invite \u00e0 un petit-d\u00e9jeuner organis\u00e9 par Internet Economy Foundation (IE.F) et iconomy. https:\/\/www.eventbrite.com\/e\/french-tech-berlin-community-fruhstuck-4-ief-and-iconomy-tickets-480199187697 Quel est le plan ? Nous souhaitons r\u00e9unir l&#8217;\u00e9cosyst\u00e8me franco-allemand de Berlin pour un petit-d\u00e9jeuner de networking sous la banni\u00e8re French Tech Berlin. Vous \u00eates un fondateur fran\u00e7ais ou francophile \u00e0 Berlin\u2026","_links":{"self":[{"href":"https:\/\/www.frenchtechberlin.com\/fr\/wp-json\/wp\/v2\/posts\/1001","targetHints":{"allow":["GET"]}}],"collection":[{"href":"https:\/\/www.frenchtechberlin.com\/fr\/wp-json\/wp\/v2\/posts"}],"about":[{"href":"https:\/\/www.frenchtechberlin.com\/fr\/wp-json\/wp\/v2\/types\/post"}],"author":[{"embeddable":true,"href":"https:\/\/www.frenchtechberlin.com\/fr\/wp-json\/wp\/v2\/users\/1"}],"replies":[{"embeddable":true,"href":"https:\/\/www.frenchtechberlin.com\/fr\/wp-json\/wp\/v2\/comments?post=1001"}],"version-history":[{"count":2,"href":"https:\/\/www.frenchtechberlin.com\/fr\/wp-json\/wp\/v2\/posts\/1001\/revisions"}],"predecessor-version":[{"id":7645,"href":"https:\/\/www.frenchtechberlin.com\/fr\/wp-json\/wp\/v2\/posts\/1001\/revisions\/7645"}],"wp:featuredmedia":[{"embeddable":true,"href":"https:\/\/www.frenchtechberlin.com\/fr\/wp-json\/wp\/v2\/media\/920"}],"wp:attachment":[{"href":"https:\/\/www.frenchtechberlin.com\/fr\/wp-json\/wp\/v2\/media?parent=1001"}],"wp:term":[{"taxonomy":"category","embeddable":true,"href":"https:\/\/www.frenchtechberlin.com\/fr\/wp-json\/wp\/v2\/categories?post=1001"},{"taxonomy":"post_tag","embeddable":true,"href":"https:\/\/www.frenchtechberlin.com\/fr\/wp-json\/wp\/v2\/tags?post=1001"}],"curies":[{"name":"wp","href":"https:\/\/api.w.org\/{rel}","templated":true}]}}