{"id":969,"date":"2022-05-05T08:25:36","date_gmt":"2022-05-05T08:25:36","guid":{"rendered":"https:\/\/www.frenchtechberlin.com\/erfolgsgeschichten-der-elektronischen-gesundheitsdienste-in-frankreich-und-deutschland\/"},"modified":"2026-04-29T11:41:42","modified_gmt":"2026-04-29T11:41:42","slug":"erfolgsgeschichten-der-elektronischen-gesundheitsdienste-in-frankreich-und-deutschland","status":"publish","type":"post","link":"https:\/\/www.frenchtechberlin.com\/de\/veranstaltungen\/erfolgsgeschichten-der-elektronischen-gesundheitsdienste-in-frankreich-und-deutschland\/","title":{"rendered":"Erfolgsgeschichten der elektronischen Gesundheitsdienste in Frankreich und Deutschland"},"content":{"rendered":"<p>Thu, Nov 25, 2021, 12:30 PM &#8211; 1:30 PM<\/p>\n<p>116 Online-Teilnehmer<\/p>\n<p>Die Geschichte der franz\u00f6sischen und deutschen Unternehmen im Bereich der elektronischen Gesundheitsdienste wird deutsch-franz\u00f6sisch.<\/p>\n<ul>\n<li>Oder wie n\u00e4hert man sich dem franz\u00f6sischen Markt, wenn man Deutscher ist, wie n\u00e4hert man sich dem deutschen Markt, wenn man Franzose ist?<\/li>\n<li>Wie werden diese Unternehmen finanziert?<\/li>\n<li>Der Umgang mit Daten, die Frage der Sicherheit, die Patienten, ihr Recht auf Vergessenwerden&#8230; Dr. Ilias Tsimpoulis, Managing Director | Gesch\u00e4ftsf\u00fchrer der Doctolib GmbH<\/li>\n<\/ul>\n<p>Redner<\/p>\n<ul>\n<li>Maximilian Greschke, Gr\u00fcnder und CEO von Recare. Big Data-Ingenieur.<\/li>\n<li>Egbert Schillings, Verantwortlicher f\u00fcr internationale Gesch\u00e4ftsentwicklung bei Lifen<\/li>\n<\/ul>\n<p>Moderation<\/p>\n<ul>\n<li>Dr. Claire Gr\u00e4f, \u00c4rztin-Radiologin \/ Med &amp; Healthtech, Partnerin<\/li>\n<\/ul>\n<p>Gastgeber<\/p>\n<ul>\n<li>Marie-Avril Roux Steink\u00fchler Fachanw\u00e4ltin f\u00fcr IP\/IT in Berlin und Paris<\/li>\n<\/ul>\n","protected":false},"excerpt":{"rendered":"<p>Thu, Nov 25, 2021, 12:30 PM &#8211; 1:30 PM 116 Online-Teilnehmer Die Geschichte der franz\u00f6sischen und deutschen Unternehmen im Bereich der elektronischen Gesundheitsdienste wird deutsch-franz\u00f6sisch. Oder wie n\u00e4hert man sich dem franz\u00f6sischen Markt, wenn man Deutscher ist, wie n\u00e4hert man sich dem deutschen Markt, wenn man Franzose ist? Wie werden diese Unternehmen finanziert? Der Umgang [&hellip;]<\/p>\n","protected":false},"author":1,"featured_media":889,"comment_status":"closed","ping_status":"open","sticky":false,"template":"","format":"standard","meta":{"_uag_custom_page_level_css":"","site-sidebar-layout":"default","site-content-layout":"","ast-site-content-layout":"","site-content-style":"default","site-sidebar-style":"default","ast-global-header-display":"","ast-banner-title-visibility":"","ast-main-header-display":"","ast-hfb-above-header-display":"","ast-hfb-below-header-display":"","ast-hfb-mobile-header-display":"","site-post-title":"","ast-breadcrumbs-content":"","ast-featured-img":"","footer-sml-layout":"","theme-transparent-header-meta":"","adv-header-id-meta":"","stick-header-meta":"","header-above-stick-meta":"","header-main-stick-meta":"","header-below-stick-meta":"","astra-migrate-meta-layouts":"default","ast-page-background-enabled":"default","ast-page-background-meta":{"desktop":{"background-color":"var(--ast-global-color-4)","background-image":"","background-repeat":"repeat","background-position":"center center","background-size":"auto","background-attachment":"scroll","background-type":"","background-media":"","overlay-type":"","overlay-color":"","overlay-gradient":""},"tablet":{"background-color":"","background-image":"","background-repeat":"repeat","background-position":"center center","background-size":"auto","background-attachment":"scroll","background-type":"","background-media":"","overlay-type":"","overlay-color":"","overlay-gradient":""},"mobile":{"background-color":"","background-image":"","background-repeat":"repeat","background-position":"center center","background-size":"auto","background-attachment":"scroll","background-type":"","background-media":"","overlay-type":"","overlay-color":"","overlay-gradient":""}},"ast-content-background-meta":{"desktop":{"background-color":"var(--ast-global-color-5)","background-image":"","background-repeat":"repeat","background-position":"center center","background-size":"auto","background-attachment":"scroll","background-type":"","background-media":"","overlay-type":"","overlay-color":"","overlay-gradient":""},"tablet":{"background-color":"var(--ast-global-color-5)","background-image":"","background-repeat":"repeat","background-position":"center center","background-size":"auto","background-attachment":"scroll","background-type":"","background-media":"","overlay-type":"","overlay-color":"","overlay-gradient":""},"mobile":{"background-color":"var(--ast-global-color-5)","background-image":"","background-repeat":"repeat","background-position":"center center","background-size":"auto","background-attachment":"scroll","background-type":"","background-media":"","overlay-type":"","overlay-color":"","overlay-gradient":""}},"footnotes":""},"categories":[41],"tags":[],"class_list":["post-969","post","type-post","status-publish","format-standard","has-post-thumbnail","hentry","category-veranstaltungen"],"uagb_featured_image_src":{"full":["https:\/\/www.frenchtechberlin.com\/wp-content\/uploads\/2022\/05\/ehealth-french-tech-berlin-2.jpg",2000,931,false],"thumbnail":["https:\/\/www.frenchtechberlin.com\/wp-content\/uploads\/2022\/05\/ehealth-french-tech-berlin-2-150x150.jpg",150,150,true],"medium":["https:\/\/www.frenchtechberlin.com\/wp-content\/uploads\/2022\/05\/ehealth-french-tech-berlin-2-300x140.jpg",300,140,true],"medium_large":["https:\/\/www.frenchtechberlin.com\/wp-content\/uploads\/2022\/05\/ehealth-french-tech-berlin-2-768x358.jpg",768,358,true],"large":["https:\/\/www.frenchtechberlin.com\/wp-content\/uploads\/2022\/05\/ehealth-french-tech-berlin-2-1024x477.jpg",1024,477,true],"1536x1536":["https:\/\/www.frenchtechberlin.com\/wp-content\/uploads\/2022\/05\/ehealth-french-tech-berlin-2-1536x715.jpg",1536,715,true],"2048x2048":["https:\/\/www.frenchtechberlin.com\/wp-content\/uploads\/2022\/05\/ehealth-french-tech-berlin-2.jpg",2000,931,false]},"uagb_author_info":{"display_name":"admin","author_link":"https:\/\/www.frenchtechberlin.com\/de\/author\/admin\/"},"uagb_comment_info":0,"uagb_excerpt":"Thu, Nov 25, 2021, 12:30 PM &#8211; 1:30 PM 116 Online-Teilnehmer Die Geschichte der franz\u00f6sischen und deutschen Unternehmen im Bereich der elektronischen Gesundheitsdienste wird deutsch-franz\u00f6sisch. Oder wie n\u00e4hert man sich dem franz\u00f6sischen Markt, wenn man Deutscher ist, wie n\u00e4hert man sich dem deutschen Markt, wenn man Franzose ist? Wie werden diese Unternehmen finanziert? Der Umgang&hellip;","_links":{"self":[{"href":"https:\/\/www.frenchtechberlin.com\/de\/wp-json\/wp\/v2\/posts\/969","targetHints":{"allow":["GET"]}}],"collection":[{"href":"https:\/\/www.frenchtechberlin.com\/de\/wp-json\/wp\/v2\/posts"}],"about":[{"href":"https:\/\/www.frenchtechberlin.com\/de\/wp-json\/wp\/v2\/types\/post"}],"author":[{"embeddable":true,"href":"https:\/\/www.frenchtechberlin.com\/de\/wp-json\/wp\/v2\/users\/1"}],"replies":[{"embeddable":true,"href":"https:\/\/www.frenchtechberlin.com\/de\/wp-json\/wp\/v2\/comments?post=969"}],"version-history":[{"count":1,"href":"https:\/\/www.frenchtechberlin.com\/de\/wp-json\/wp\/v2\/posts\/969\/revisions"}],"predecessor-version":[{"id":1230,"href":"https:\/\/www.frenchtechberlin.com\/de\/wp-json\/wp\/v2\/posts\/969\/revisions\/1230"}],"wp:featuredmedia":[{"embeddable":true,"href":"https:\/\/www.frenchtechberlin.com\/de\/wp-json\/wp\/v2\/media\/889"}],"wp:attachment":[{"href":"https:\/\/www.frenchtechberlin.com\/de\/wp-json\/wp\/v2\/media?parent=969"}],"wp:term":[{"taxonomy":"category","embeddable":true,"href":"https:\/\/www.frenchtechberlin.com\/de\/wp-json\/wp\/v2\/categories?post=969"},{"taxonomy":"post_tag","embeddable":true,"href":"https:\/\/www.frenchtechberlin.com\/de\/wp-json\/wp\/v2\/tags?post=969"}],"curies":[{"name":"wp","href":"https:\/\/api.w.org\/{rel}","templated":true}]}}