{"id":1036,"date":"2023-03-09T12:25:05","date_gmt":"2023-03-09T12:25:05","guid":{"rendered":"https:\/\/www.frenchtechberlin.com\/startups-konferenzen-und-veranstaltungen-in-deutschland-im-jahr-2023\/"},"modified":"2026-04-29T11:42:04","modified_gmt":"2026-04-29T11:42:04","slug":"startups-konferenzen-und-veranstaltungen-in-deutschland-im-jahr-2023","status":"publish","type":"post","link":"https:\/\/www.frenchtechberlin.com\/de\/veranstaltungen\/startups-konferenzen-und-veranstaltungen-in-deutschland-im-jahr-2023\/","title":{"rendered":"Veranstaltungen in Deutschland"},"content":{"rendered":"\n<p>Hier finden Sie die wichtigsten Messen, Ausstellungen und Konferenzen in Deutschland<\/p>\n\n<figure class=\"wp-block-table\"><table class=\"has-fixed-layout\"><thead><tr><th>Ereignis Name<\/th><th>Datum<\/th><th>Stadt<\/th><th>Industrie<\/th><\/tr><\/thead><\/table><\/figure>\n\n<figure class=\"wp-block-table\"><table class=\"has-fixed-layout\"><tbody><tr><td><a href=\"https:\/\/ecommerceberlin.com\/\">E-Commerce Berlin Expo 2025<\/a><\/td><td>Februar 19-20, 2025<\/td><td>Berlin<\/td><td>E-Commerce<\/td><\/tr><\/tbody><\/table><\/figure>\n\n<figure class=\"wp-block-table\"><table class=\"has-fixed-layout\"><tbody><tr><td><a href=\"https:\/\/www.eurocis-tradefair.com\/\">EuroCIS 2025<\/a><\/td><td>Februar 18-20, 2025<\/td><td>D\u00fcsseldorf<\/td><td>Einzelhandels-Technologie<\/td><\/tr><\/tbody><\/table><\/figure>\n\n<figure class=\"wp-block-table\"><table class=\"has-fixed-layout\"><tbody><tr><td><a href=\"https:\/\/www.logimat-messe.de\/en\" data-type=\"link\" data-id=\"https:\/\/www.logimat-messe.de\/en\">LogiMAT 2025<\/a><\/td><td>M\u00e4rz 11-13, 2025<\/td><td>Stuttgart<\/td><td>Logistik<\/td><\/tr><\/tbody><\/table><\/figure>\n\n<figure class=\"wp-block-table\"><table class=\"has-fixed-layout\"><tbody><tr><td><a href=\"https:\/\/www.embedded-world.de\/en\" data-type=\"link\" data-id=\"https:\/\/www.embedded-world.de\/en\">Embedded World Ausstellung &amp; Konferenz 2025<\/a><\/td><td>M\u00e4rz 11-13, 2025<\/td><td>N\u00fcrnberg<\/td><td>Technologie, Software<\/td><\/tr><\/tbody><\/table><\/figure>\n\n<figure class=\"wp-block-table\"><table class=\"has-fixed-layout\"><tbody><tr><td><a href=\"https:\/\/leaders-in-logistics.com\/events\" data-type=\"link\" data-id=\"https:\/\/leaders-in-logistics.com\/events\">Gipfel der F\u00fchrungskr\u00e4fte in der Logistik 2025<\/a><\/td><td>12-13 M\u00e4rz, 2025<\/td><td>Berlin<\/td><td>Logistik<\/td><\/tr><\/tbody><\/table><\/figure>\n\n<figure class=\"wp-block-table\"><table class=\"has-fixed-layout\"><tbody><tr><td><a href=\"https:\/\/www.itb.com\/\">ITB Berlin 2025<\/a><\/td><td>4-6 M\u00e4rz, 2025<\/td><td>Berlin<\/td><td>Tourismus<\/td><\/tr><\/tbody><\/table><\/figure>\n\n<figure class=\"wp-block-table\"><table class=\"has-fixed-layout\"><tbody><tr><td><a href=\"https:\/\/bauma.de\/en\/campaign\/visitor\/general\/?utm_source=google&amp;utm_medium=cpc&amp;utm_campaign=21801253144&amp;utm_content=168068494505&amp;utm_term=Bauma%202025&amp;gad_source=1&amp;gclid=CjwKCAiAneK8BhAVEiwAoy2HYdwjapoL82oqN0qM6TeX-tTYM1qMkCMtOH6TS3nmd8C4dthK_e5LFRoCmQEQAvD_BwE\" data-type=\"link\" data-id=\"https:\/\/bauma.de\/en\/campaign\/visitor\/general\/?utm_source=google&amp;utm_medium=cpc&amp;utm_campaign=21801253144&amp;utm_content=168068494505&amp;utm_term=Bauma%202025&amp;gad_source=1&amp;gclid=CjwKCAiAneK8BhAVEiwAoy2HYdwjapoL82oqN0qM6TeX-tTYM1qMkCMtOH6TS3nmd8C4dthK_e5LFRoCmQEQAvD_BwE\">Bauma 2025<\/a><\/td><td>April 7-13, 2025<\/td><td>M\u00fcnchen<\/td><td>Bauwesen, Maschinen<\/td><\/tr><\/tbody><\/table><\/figure>\n\n<figure class=\"wp-block-table\"><table class=\"has-fixed-layout\"><tbody><tr><td><a href=\"https:\/\/www.intersolar.de\/home\" data-type=\"link\" data-id=\"https:\/\/www.intersolar.de\/home\">Intersolar Europa 2025<\/a><\/td><td>7-9 Mai, 2025<\/td><td>M\u00fcnchen<\/td><td>Erneuerbare Energie, Technologie<\/td><\/tr><\/tbody><\/table><\/figure>\n\n<figure class=\"wp-block-table\"><table class=\"has-fixed-layout\"><tbody><tr><td><a href=\"https:\/\/www.wearedevelopers.com\/\" data-type=\"link\" data-id=\"https:\/\/www.wearedevelopers.com\/\">WeAreDevelopers Weltkongress 2025<\/a><\/td><td>9-11 Juli, 2025<\/td><td>Berlin<\/td><td>Technologie, Software<\/td><\/tr><\/tbody><\/table><\/figure>\n\n<figure class=\"wp-block-table\"><table class=\"has-fixed-layout\"><tbody><tr><td><a href=\"https:\/\/dmexco.com\/\">DMEXCO 2025<\/a><\/td><td>September 17-18, 2025<\/td><td>K\u00f6ln<\/td><td>E-Commerce, Technologie<\/td><\/tr><\/tbody><\/table><\/figure>\n\n<figure class=\"wp-block-table\"><table class=\"has-fixed-layout\"><tbody><tr><td><a href=\"https:\/\/www.bitsandpretzels.com\/\">Bits &amp; Brezeln Konferenz 2025<\/a><\/td><td>September 29-Oktober 1, 2025<\/td><td>M\u00fcnchen<\/td><td>Technologie, Startups<\/td><\/tr><\/tbody><\/table><\/figure>\n\n<figure class=\"wp-block-table\"><table class=\"has-fixed-layout\"><tbody><tr><td><a href=\"https:\/\/transportlogistic.de\/en\/trade-fair\/\" data-type=\"link\" data-id=\"https:\/\/transportlogistic.de\/en\/trade-fair\/\">transport logistic 2025<\/a><\/td><td>2-5 Juni, 2025<\/td><td>M\u00fcnchen<\/td><td>Logistik<\/td><\/tr><\/tbody><\/table><\/figure>\n\n<figure class=\"wp-block-table\"><table class=\"has-fixed-layout\"><tbody><tr><td><a href=\"https:\/\/www.aircargoeurope.com\/\">Luftfracht Europa 2025<\/a><\/td><td>2-5 Juni, 2025<\/td><td>M\u00fcnchen<\/td><td>Logistik<\/td><\/tr><\/tbody><\/table><\/figure>\n\n<figure class=\"wp-block-table\"><table class=\"has-fixed-layout\"><tbody><tr><td><a href=\"https:\/\/www.iaa-mobility.com\/en\" data-type=\"link\" data-id=\"https:\/\/www.iaa-mobility.com\/en\">IAA Mobilit\u00e4t 2025<\/a><\/td><td>September 9-14, 2025<\/td><td>M\u00fcnchen<\/td><td>Automobil, Mobilit\u00e4t<\/td><\/tr><\/tbody><\/table><\/figure>\n\n<figure class=\"wp-block-table\"><table class=\"has-fixed-layout\"><tbody><tr><td><a href=\"https:\/\/www.intergeo.de\/\">INTERGEO 2025<\/a><\/td><td>Oktober 7-9, 2025<\/td><td>Berlin<\/td><td>Geospatial Technologie<\/td><\/tr><\/tbody><\/table><\/figure>\n\n<figure class=\"wp-block-table\"><table class=\"has-fixed-layout\"><tbody><tr><td><a href=\"https:\/\/www.emove360.com\/\">eMove360\u00b0 Europa 2025<\/a><\/td><td>Oktober 14-15, 2025<\/td><td>M\u00fcnchen<\/td><td>Technologie, Mobilit\u00e4t<\/td><\/tr><\/tbody><\/table><\/figure>\n\n<figure class=\"wp-block-table\"><table class=\"has-fixed-layout\"><tbody><tr><td><a href=\"https:\/\/www.supplychain-summit.com\/\">Europ\u00e4ischer Gipfel f\u00fcr Supply Chain Management Strategien<\/a><\/td><td>4-5 November 2025<\/td><td>M\u00fcnchen<\/td><td>Logistik<\/td><\/tr><\/tbody><\/table><\/figure>\n\n<figure class=\"wp-block-table\"><table class=\"has-fixed-layout\"><tbody><tr><td><a href=\"https:\/\/www.medica-tradefair.com\/\">MEDICA 2025<\/a><\/td><td>November 17-20, 2025<\/td><td>D\u00fcsseldorf<\/td><td>Medizintechnik<\/td><\/tr><\/tbody><\/table><\/figure>\n\n<figure class=\"wp-block-table\"><table class=\"has-fixed-layout\"><tbody><tr><td><a href=\"https:\/\/automechanika.messefrankfurt.com\/frankfurt\/en.html\" data-type=\"link\" data-id=\"https:\/\/automechanika.messefrankfurt.com\/frankfurt\/en.html\">Automechanika Frankfurt 2026<\/a><\/td><td>September 8-12, 2026<\/td><td>Frankfurt<\/td><td>Automobil, Technologie<\/td><\/tr><\/tbody><\/table><\/figure>\n\n<p><\/p>\n","protected":false},"excerpt":{"rendered":"<p>Hier finden Sie die wichtigsten Messen, Ausstellungen und Konferenzen in Deutschland Ereignis Name Datum Stadt Industrie E-Commerce Berlin Expo 2025 Februar 19-20, 2025 Berlin E-Commerce EuroCIS 2025 Februar 18-20, 2025 D\u00fcsseldorf Einzelhandels-Technologie LogiMAT 2025 M\u00e4rz 11-13, 2025 Stuttgart Logistik Embedded World Ausstellung &amp; Konferenz 2025 M\u00e4rz 11-13, 2025 N\u00fcrnberg Technologie, Software Gipfel der F\u00fchrungskr\u00e4fte in [&hellip;]<\/p>\n","protected":false},"author":1,"featured_media":1025,"comment_status":"closed","ping_status":"open","sticky":false,"template":"","format":"standard","meta":{"_uag_custom_page_level_css":"","site-sidebar-layout":"default","site-content-layout":"","ast-site-content-layout":"narrow-width-container","site-content-style":"default","site-sidebar-style":"default","ast-global-header-display":"","ast-banner-title-visibility":"","ast-main-header-display":"","ast-hfb-above-header-display":"","ast-hfb-below-header-display":"","ast-hfb-mobile-header-display":"","site-post-title":"","ast-breadcrumbs-content":"","ast-featured-img":"","footer-sml-layout":"","theme-transparent-header-meta":"","adv-header-id-meta":"","stick-header-meta":"","header-above-stick-meta":"","header-main-stick-meta":"","header-below-stick-meta":"","astra-migrate-meta-layouts":"default","ast-page-background-enabled":"default","ast-page-background-meta":{"desktop":{"background-color":"var(--ast-global-color-4)","background-image":"","background-repeat":"repeat","background-position":"center center","background-size":"auto","background-attachment":"scroll","background-type":"","background-media":"","overlay-type":"","overlay-color":"","overlay-gradient":""},"tablet":{"background-color":"","background-image":"","background-repeat":"repeat","background-position":"center center","background-size":"auto","background-attachment":"scroll","background-type":"","background-media":"","overlay-type":"","overlay-color":"","overlay-gradient":""},"mobile":{"background-color":"","background-image":"","background-repeat":"repeat","background-position":"center center","background-size":"auto","background-attachment":"scroll","background-type":"","background-media":"","overlay-type":"","overlay-color":"","overlay-gradient":""}},"ast-content-background-meta":{"desktop":{"background-color":"var(--ast-global-color-5)","background-image":"","background-repeat":"repeat","background-position":"center center","background-size":"auto","background-attachment":"scroll","background-type":"","background-media":"","overlay-type":"","overlay-color":"","overlay-gradient":""},"tablet":{"background-color":"var(--ast-global-color-5)","background-image":"","background-repeat":"repeat","background-position":"center center","background-size":"auto","background-attachment":"scroll","background-type":"","background-media":"","overlay-type":"","overlay-color":"","overlay-gradient":""},"mobile":{"background-color":"var(--ast-global-color-5)","background-image":"","background-repeat":"repeat","background-position":"center center","background-size":"auto","background-attachment":"scroll","background-type":"","background-media":"","overlay-type":"","overlay-color":"","overlay-gradient":""}},"footnotes":""},"categories":[41],"tags":[99,98],"class_list":["post-1036","post","type-post","status-publish","format-standard","has-post-thumbnail","hentry","category-veranstaltungen","tag-konferenz","tag-messe"],"uagb_featured_image_src":{"full":false,"thumbnail":false,"medium":false,"medium_large":false,"large":false,"1536x1536":false,"2048x2048":false},"uagb_author_info":{"display_name":"admin","author_link":"https:\/\/www.frenchtechberlin.com\/de\/author\/admin\/"},"uagb_comment_info":0,"uagb_excerpt":"Hier finden Sie die wichtigsten Messen, Ausstellungen und Konferenzen in Deutschland Ereignis Name Datum Stadt Industrie E-Commerce Berlin Expo 2025 Februar 19-20, 2025 Berlin E-Commerce EuroCIS 2025 Februar 18-20, 2025 D\u00fcsseldorf Einzelhandels-Technologie LogiMAT 2025 M\u00e4rz 11-13, 2025 Stuttgart Logistik Embedded World Ausstellung &amp; Konferenz 2025 M\u00e4rz 11-13, 2025 N\u00fcrnberg Technologie, Software Gipfel der F\u00fchrungskr\u00e4fte in&hellip;","_links":{"self":[{"href":"https:\/\/www.frenchtechberlin.com\/de\/wp-json\/wp\/v2\/posts\/1036","targetHints":{"allow":["GET"]}}],"collection":[{"href":"https:\/\/www.frenchtechberlin.com\/de\/wp-json\/wp\/v2\/posts"}],"about":[{"href":"https:\/\/www.frenchtechberlin.com\/de\/wp-json\/wp\/v2\/types\/post"}],"author":[{"embeddable":true,"href":"https:\/\/www.frenchtechberlin.com\/de\/wp-json\/wp\/v2\/users\/1"}],"replies":[{"embeddable":true,"href":"https:\/\/www.frenchtechberlin.com\/de\/wp-json\/wp\/v2\/comments?post=1036"}],"version-history":[{"count":3,"href":"https:\/\/www.frenchtechberlin.com\/de\/wp-json\/wp\/v2\/posts\/1036\/revisions"}],"predecessor-version":[{"id":7611,"href":"https:\/\/www.frenchtechberlin.com\/de\/wp-json\/wp\/v2\/posts\/1036\/revisions\/7611"}],"wp:featuredmedia":[{"embeddable":true,"href":"https:\/\/www.frenchtechberlin.com\/de\/wp-json\/wp\/v2\/posts\/1025"}],"wp:attachment":[{"href":"https:\/\/www.frenchtechberlin.com\/de\/wp-json\/wp\/v2\/media?parent=1036"}],"wp:term":[{"taxonomy":"category","embeddable":true,"href":"https:\/\/www.frenchtechberlin.com\/de\/wp-json\/wp\/v2\/categories?post=1036"},{"taxonomy":"post_tag","embeddable":true,"href":"https:\/\/www.frenchtechberlin.com\/de\/wp-json\/wp\/v2\/tags?post=1036"}],"curies":[{"name":"wp","href":"https:\/\/api.w.org\/{rel}","templated":true}]}}