{"id":1005,"date":"2022-10-15T09:45:34","date_gmt":"2022-10-15T09:45:34","guid":{"rendered":"https:\/\/www.frenchtechberlin.com\/datenschutz-fuer-internationale-startups-online-lunch-talk\/"},"modified":"2026-04-29T11:41:55","modified_gmt":"2026-04-29T11:41:55","slug":"datenschutz-fuer-internationale-startups-online-lunch-talk","status":"publish","type":"post","link":"https:\/\/www.frenchtechberlin.com\/de\/veranstaltungen\/datenschutz-fuer-internationale-startups-online-lunch-talk\/","title":{"rendered":"Datenschutz f\u00fcr internationale Startups (Online Lunch Talk )"},"content":{"rendered":"<p>Wed, Oct 19, 2022 12:00 PM<\/p>\n<p><!--kg-card-begin: html--><\/p>\n<table border=\"0\" cellpadding=\"0\" cellspacing=\"0\" width=\"100%\" class=\"mcnTextBlock\" style=\"border-collapse: collapse; text-size-adjust: 100%; color: rgb(0, 0, 0); font-family: Times; font-size: medium; font-style: normal; font-variant-ligatures: normal; font-variant-caps: normal; font-weight: 400; letter-spacing: normal; orphans: 2; text-align: start; text-transform: none; white-space: normal; widows: 2; word-spacing: 0px; -webkit-text-stroke-width: 0px; text-decoration-thickness: initial; text-decoration-style: initial; text-decoration-color: initial; min-width: 100%;\">\n<tbody class=\"mcnTextBlockOuter\">\n<tr>\n<td valign=\"top\" class=\"mcnTextBlockInner\" style=\"text-size-adjust: 100%; padding-top: 9px;\">\n<table align=\"left\" border=\"0\" cellpadding=\"0\" cellspacing=\"0\" width=\"100%\" class=\"mcnTextContentContainer\" style=\"border-collapse: collapse; text-size-adjust: 100%; max-width: 100%; min-width: 100%;\">\n<tbody>\n<tr>\n<td valign=\"top\" class=\"mcnTextContent\" style=\"text-size-adjust: 100%; word-break: break-word; color: rgb(32, 32, 32); font-family: Helvetica; font-size: 12px; line-height: 18px; text-align: left; padding: 0px 18px 9px;\"><span style=\"font-size: 16px;\">Datenschutzbestimmungen sind f\u00fcr Start-ups eine Herausforderung, wenn sie international t\u00e4tig sind. Wir werden mit Experten aus Frankreich und Deutschland dar\u00fcber sprechen.<\/p>\n<p>Dieser Online-Lunch-Talk (Zoom) bietet die M\u00f6glichkeit, mit folgenden Personen zu sprechen<span>&nbsp;<\/span><a href=\"https:\/\/www.linkedin.com\/in\/grit-karg-ab301959\/\" target=\"_blank\" style=\"text-size-adjust: 100%; color: rgb(0, 124, 137); font-weight: normal; text-decoration: underline;\" rel=\"noopener\">Grit Karg<\/a>, zust\u00e4ndig f\u00fcr Rechtsangelegenheiten der Wirtschaft bei<span>&nbsp;<\/span><strong>Doctolib<\/strong><span>&nbsp;<\/span>Deutschland.<br \/>W\u00e4hrend der COVID-19-Pandemie hat dieses franz\u00f6sische Startup hier in Deutschland viel Aufmerksamkeit erhalten, vor allem in Bezug auf Datenschutz und Datensicherheit. Wie ist sie mit den Kritikern umgegangen? Was hat sie aus diesen Erfahrungen gelernt? Hat sie einen Unterschied zwischen Deutschland und Frankreich festgestellt?<br \/>Dann werden wir auch 2 Datenschutzexperten, einen aus Frankreich und einen aus Deutschland, zu Wort kommen lassen, um zu verstehen, ob der Umgang mit Datenschutzthemen in diesen beiden L\u00e4ndern unterschiedlich ist.<br \/>Wir werden diesen &#8220;Lunch Talk&#8221; mit einer Reihe von Fragen aus dem Publikum beenden.<\/p>\n<p>Panel<\/span><\/p>\n<ul>\n<li style=\"text-size-adjust: 100%;\"><span style=\"font-size: 16px;\"><a href=\"https:\/\/www.linkedin.com\/in\/grit-karg-ab301959\/\" target=\"_blank\" style=\"text-size-adjust: 100%; color: rgb(0, 124, 137); font-weight: normal; text-decoration: underline;\" rel=\"noopener\">Grit Karg<\/a>, Direktorin f\u00fcr Rechtsangelegenheiten,<span><br \/>\n  &nbsp;<br \/>\n<\/span><a href=\"https:\/\/www.linkedin.com\/company\/doctolib\/\" target=\"_blank\" style=\"text-size-adjust: 100%; color: rgb(0, 124, 137); font-weight: normal; text-decoration: underline;\" rel=\"noopener\">Doctolib<\/a><span><br \/>\n  &nbsp;<br \/>\n<\/span>Deutschland<\/span><\/li>\n<li style=\"text-size-adjust: 100%;\"><span style=\"font-size: 16px;\"><a href=\"https:\/\/www.linkedin.com\/in\/florianboyenval\/\" target=\"_blank\" style=\"text-size-adjust: 100%; color: rgb(0, 124, 137); font-weight: normal; text-decoration: underline;\" rel=\"noopener\">Florian Boyenval<\/a>, Datenschutzbeauftragter&nbsp;&amp; CEO,<span><br \/>\n  &nbsp;<br \/>\n<\/span><a href=\"https:\/\/www.linkedin.com\/company\/dpflow\/\" target=\"_blank\" style=\"text-size-adjust: 100%; color: rgb(0, 124, 137); font-weight: normal; text-decoration: underline;\" rel=\"noopener\">DP Flow<\/a>&nbsp;Bordeaux<\/span><\/li>\n<li style=\"text-size-adjust: 100%;\"><span style=\"font-size: 16px;\"><a href=\"https:\/\/www.linkedin.com\/in\/philipp-dannenberg-80b01815a\/\" target=\"_blank\" style=\"text-size-adjust: 100%; color: rgb(0, 124, 137); font-weight: normal; text-decoration: underline;\" rel=\"noopener\">Philipp Dannenberg<\/a>, Mitbegr\u00fcnder und CEO,<span><br \/>\n  &nbsp;<br \/>\n<\/span><a href=\"https:\/\/www.linkedin.com\/company\/intelliant-gmbh\/\" target=\"_blank\" style=\"text-size-adjust: 100%; color: rgb(0, 124, 137); font-weight: normal; text-decoration: underline;\" rel=\"noopener\">Intelliant<\/a><span><br \/>\n  &nbsp;<br \/>\n<\/span>Berlin<\/span><\/li>\n<\/ul>\n<p><span style=\"font-size: 16px;\">Moderation<\/span><\/p>\n<ul>\n<li style=\"text-size-adjust: 100%;\"><span style=\"font-size: 16px;\"><a href=\"https:\/\/www.linkedin.com\/in\/andrepitie\/\" target=\"_blank\" style=\"text-size-adjust: 100%; color: rgb(0, 124, 137); font-weight: normal; text-decoration: underline;\" rel=\"noopener\">Andr\u00e9 Piti\u00e9<\/a>, Vorstandsmitglied, French Tech Berlin<\/span><\/li>\n<\/ul>\n<p><span style=\"font-size: 16px;\">19. Oktober 2022 um 12:00PM &#8211; 1:30PM<\/p>\n<p>RSVP : Registrieren Sie sich kostenlos auf der Linkedin-Event-Seite:<\/span><\/td>\n<\/tr>\n<\/tbody>\n<\/table>\n<\/td>\n<\/tr>\n<\/tbody>\n<\/table>\n<p><!--kg-card-end: html--><!--kg-card-begin: html--><\/p>\n<table border=\"0\" cellpadding=\"0\" cellspacing=\"0\" width=\"100%\" class=\"mcnButtonBlock\" style=\"border-collapse: collapse; text-size-adjust: 100%; color: rgb(0, 0, 0); font-family: Times; font-size: medium; font-style: normal; font-variant-ligatures: normal; font-variant-caps: normal; font-weight: 400; letter-spacing: normal; orphans: 2; text-align: start; text-transform: none; white-space: normal; widows: 2; word-spacing: 0px; -webkit-text-stroke-width: 0px; text-decoration-thickness: initial; text-decoration-style: initial; text-decoration-color: initial; min-width: 100%;\">\n<tbody class=\"mcnButtonBlockOuter\">\n<tr>\n<td valign=\"top\" align=\"center\" class=\"mcnButtonBlockInner\" style=\"text-size-adjust: 100%; padding: 0px 18px 18px;\">\n<table border=\"0\" cellpadding=\"0\" cellspacing=\"0\" class=\"mcnButtonContentContainer\" style=\"border-collapse: separate !important; text-size-adjust: 100%; border-radius: 4px; background-color: rgb(235, 58, 96);\">\n<tbody>\n<tr>\n<td align=\"center\" valign=\"middle\" class=\"mcnButtonContent\" style=\"text-size-adjust: 100%; font-family: Arial; font-size: 16px; padding: 18px;\"><a class=\"mcnButton \" title=\"Hier anmelden\" href=\"https:\/\/www.linkedin.com\/events\/dataprivacyforinternationalstar6986254158370611200\/\" target=\"_blank\" style=\"text-size-adjust: 100%; display: block; font-weight: bold; letter-spacing: normal; line-height: 16px; text-align: center; text-decoration: none; color: rgb(255, 255, 255);\" rel=\"noopener\">Hier anmelden<\/a><\/td>\n<\/tr>\n<\/tbody>\n<\/table>\n<\/td>\n<\/tr>\n<\/tbody>\n<\/table>\n<p><!--kg-card-end: html--><\/p>\n","protected":false},"excerpt":{"rendered":"<p>Wed, Oct 19, 2022 12:00 PM Datenschutzbestimmungen sind f\u00fcr Start-ups eine Herausforderung, wenn sie international t\u00e4tig sind. Wir werden mit Experten aus Frankreich und Deutschland dar\u00fcber sprechen. Dieser Online-Lunch-Talk (Zoom) bietet die M\u00f6glichkeit, mit folgenden Personen zu sprechen&nbsp;Grit Karg, zust\u00e4ndig f\u00fcr Rechtsangelegenheiten der Wirtschaft bei&nbsp;Doctolib&nbsp;Deutschland.W\u00e4hrend der COVID-19-Pandemie hat dieses franz\u00f6sische Startup hier in Deutschland viel [&hellip;]<\/p>\n","protected":false},"author":1,"featured_media":913,"comment_status":"closed","ping_status":"open","sticky":false,"template":"","format":"standard","meta":{"_uag_custom_page_level_css":"","site-sidebar-layout":"default","site-content-layout":"","ast-site-content-layout":"","site-content-style":"default","site-sidebar-style":"default","ast-global-header-display":"","ast-banner-title-visibility":"","ast-main-header-display":"","ast-hfb-above-header-display":"","ast-hfb-below-header-display":"","ast-hfb-mobile-header-display":"","site-post-title":"","ast-breadcrumbs-content":"","ast-featured-img":"","footer-sml-layout":"","theme-transparent-header-meta":"","adv-header-id-meta":"","stick-header-meta":"","header-above-stick-meta":"","header-main-stick-meta":"","header-below-stick-meta":"","astra-migrate-meta-layouts":"default","ast-page-background-enabled":"default","ast-page-background-meta":{"desktop":{"background-color":"var(--ast-global-color-4)","background-image":"","background-repeat":"repeat","background-position":"center center","background-size":"auto","background-attachment":"scroll","background-type":"","background-media":"","overlay-type":"","overlay-color":"","overlay-gradient":""},"tablet":{"background-color":"","background-image":"","background-repeat":"repeat","background-position":"center center","background-size":"auto","background-attachment":"scroll","background-type":"","background-media":"","overlay-type":"","overlay-color":"","overlay-gradient":""},"mobile":{"background-color":"","background-image":"","background-repeat":"repeat","background-position":"center center","background-size":"auto","background-attachment":"scroll","background-type":"","background-media":"","overlay-type":"","overlay-color":"","overlay-gradient":""}},"ast-content-background-meta":{"desktop":{"background-color":"var(--ast-global-color-5)","background-image":"","background-repeat":"repeat","background-position":"center center","background-size":"auto","background-attachment":"scroll","background-type":"","background-media":"","overlay-type":"","overlay-color":"","overlay-gradient":""},"tablet":{"background-color":"var(--ast-global-color-5)","background-image":"","background-repeat":"repeat","background-position":"center center","background-size":"auto","background-attachment":"scroll","background-type":"","background-media":"","overlay-type":"","overlay-color":"","overlay-gradient":""},"mobile":{"background-color":"var(--ast-global-color-5)","background-image":"","background-repeat":"repeat","background-position":"center center","background-size":"auto","background-attachment":"scroll","background-type":"","background-media":"","overlay-type":"","overlay-color":"","overlay-gradient":""}},"footnotes":""},"categories":[41],"tags":[42],"class_list":["post-1005","post","type-post","status-publish","format-standard","has-post-thumbnail","hentry","category-veranstaltungen","tag-mittagsgesprach"],"uagb_featured_image_src":{"full":["https:\/\/www.frenchtechberlin.com\/wp-content\/uploads\/2022\/10\/French_Tech_Berlin_2022_10_19-12pm-bordeaux-B.png",1029,581,false],"thumbnail":["https:\/\/www.frenchtechberlin.com\/wp-content\/uploads\/2022\/10\/French_Tech_Berlin_2022_10_19-12pm-bordeaux-B-150x150.png",150,150,true],"medium":["https:\/\/www.frenchtechberlin.com\/wp-content\/uploads\/2022\/10\/French_Tech_Berlin_2022_10_19-12pm-bordeaux-B-300x169.png",300,169,true],"medium_large":["https:\/\/www.frenchtechberlin.com\/wp-content\/uploads\/2022\/10\/French_Tech_Berlin_2022_10_19-12pm-bordeaux-B-768x434.png",768,434,true],"large":["https:\/\/www.frenchtechberlin.com\/wp-content\/uploads\/2022\/10\/French_Tech_Berlin_2022_10_19-12pm-bordeaux-B-1024x578.png",1024,578,true],"1536x1536":["https:\/\/www.frenchtechberlin.com\/wp-content\/uploads\/2022\/10\/French_Tech_Berlin_2022_10_19-12pm-bordeaux-B.png",1029,581,false],"2048x2048":["https:\/\/www.frenchtechberlin.com\/wp-content\/uploads\/2022\/10\/French_Tech_Berlin_2022_10_19-12pm-bordeaux-B.png",1029,581,false]},"uagb_author_info":{"display_name":"admin","author_link":"https:\/\/www.frenchtechberlin.com\/de\/author\/admin\/"},"uagb_comment_info":0,"uagb_excerpt":"Wed, Oct 19, 2022 12:00 PM Datenschutzbestimmungen sind f\u00fcr Start-ups eine Herausforderung, wenn sie international t\u00e4tig sind. Wir werden mit Experten aus Frankreich und Deutschland dar\u00fcber sprechen. Dieser Online-Lunch-Talk (Zoom) bietet die M\u00f6glichkeit, mit folgenden Personen zu sprechen&nbsp;Grit Karg, zust\u00e4ndig f\u00fcr Rechtsangelegenheiten der Wirtschaft bei&nbsp;Doctolib&nbsp;Deutschland.W\u00e4hrend der COVID-19-Pandemie hat dieses franz\u00f6sische Startup hier in Deutschland viel&hellip;","_links":{"self":[{"href":"https:\/\/www.frenchtechberlin.com\/de\/wp-json\/wp\/v2\/posts\/1005","targetHints":{"allow":["GET"]}}],"collection":[{"href":"https:\/\/www.frenchtechberlin.com\/de\/wp-json\/wp\/v2\/posts"}],"about":[{"href":"https:\/\/www.frenchtechberlin.com\/de\/wp-json\/wp\/v2\/types\/post"}],"author":[{"embeddable":true,"href":"https:\/\/www.frenchtechberlin.com\/de\/wp-json\/wp\/v2\/users\/1"}],"replies":[{"embeddable":true,"href":"https:\/\/www.frenchtechberlin.com\/de\/wp-json\/wp\/v2\/comments?post=1005"}],"version-history":[{"count":2,"href":"https:\/\/www.frenchtechberlin.com\/de\/wp-json\/wp\/v2\/posts\/1005\/revisions"}],"predecessor-version":[{"id":7604,"href":"https:\/\/www.frenchtechberlin.com\/de\/wp-json\/wp\/v2\/posts\/1005\/revisions\/7604"}],"wp:featuredmedia":[{"embeddable":true,"href":"https:\/\/www.frenchtechberlin.com\/de\/wp-json\/wp\/v2\/media\/913"}],"wp:attachment":[{"href":"https:\/\/www.frenchtechberlin.com\/de\/wp-json\/wp\/v2\/media?parent=1005"}],"wp:term":[{"taxonomy":"category","embeddable":true,"href":"https:\/\/www.frenchtechberlin.com\/de\/wp-json\/wp\/v2\/categories?post=1005"},{"taxonomy":"post_tag","embeddable":true,"href":"https:\/\/www.frenchtechberlin.com\/de\/wp-json\/wp\/v2\/tags?post=1005"}],"curies":[{"name":"wp","href":"https:\/\/api.w.org\/{rel}","templated":true}]}}